{"id":1429,"date":"2020-09-07T11:46:38","date_gmt":"2020-09-07T08:46:38","guid":{"rendered":"http:\/\/www.kansanmusiikki-instituutti.fi\/?p=1429"},"modified":"2020-09-07T11:46:38","modified_gmt":"2020-09-07T08:46:38","slug":"pelimannitalo-kaustislaisten-kansanmusiikkiyhteisojen-hallintaan","status":"publish","type":"post","link":"https:\/\/kansanmusiikki-instituutti.fi\/en\/2020\/09\/07\/pelimannitalo-kaustislaisten-kansanmusiikkiyhteisojen-hallintaan\/","title":{"rendered":"Pelimannitalo kaustislaisten kansanmusiikkiyhteis\u00f6jen hallintaan"},"content":{"rendered":"<p>Kansanmusiikki-instituutti ry. vuokraa Kaustisella sijaitsevan Pelimannitalon 1.10.2020 alkaen. T\u00e4h\u00e4n asti Instituutti on vuokrannut osaa talon yl\u00e4kerrasta Tallari-yhtyeen harjoitus- ja toimistotilaksi sek\u00e4 kellarikerroksen varastotiloja. Uudella sopimuksella koko talo siirtyy yhdistyksen hallintaan.<\/p>\n<p>Kansanmusiikki-instituutin ja Pelimannitalon omistajien yhteisen\u00e4 tavoitteena on kehitt\u00e4\u00e4 Pelimannitalo vilkkaassa k\u00e4yt\u00f6ss\u00e4 olevaksi kansanmusiikkitaloksi. \u201dVuokraamme talon, hallinnoimme ja vastaamme siit\u00e4, mutta tarkoituksenamme on jakaa talo tasa-arvoisesti kaustislaisten kansanmusiikkitoimijoiden kesken ja saada ne kokemaan talo yhteis\u00f6n yhteiseksi ja omaksi tyyssijaksi organisaatiorajoista riippumatta. Asiasta on k\u00e4yty alustavia keskusteluja keskeisten yhdistysten kesken, ja aloitamme tarkemman yhteisen suunnittelun mahdollisimman pian\u201d, toteaa Kansanmusiikki-instituutti ry:n hallituksen puheenjohtaja Samuli Valo. Talo tulee edelleen toimimaan my\u00f6s vuokrattavana juhla-, kokous- ja konserttitilana. Kansanmusiikki-instituutin varsinaiset toimitilat Kansantaiteenkeskuksessa s\u00e4ilyv\u00e4t ennallaan.<\/p>\n<p>Vesa Pihlajamaa ja Jouko Pihlajamaa kertovat Pelimannitalon omistajien olevan tyytyv\u00e4isi\u00e4 sopimukseen. \u201dToiveenamme on talon ostamisesta saakka ollut tukea omalla panoksellamme kaustislaista el\u00e4v\u00e4\u00e4 pelimanniperinnett\u00e4. T\u00e4ll\u00e4 j\u00e4rjestelyll\u00e4 se varmasti toteutuu entist\u00e4 paremmin, ja kun kaustislainen viulunsoitto reilun vuoden kuluttua toivottavasti nousee Unescon luetteloon, ajankohta potkaista talo t\u00e4yteen el\u00e4m\u00e4\u00e4 on erinomainen.\u201d<\/p>\n<p>Pelimannitalon on vuodesta 2007 l\u00e4htien omistanut sijoitusyhti\u00f6 Bothi Invest. Yhti\u00f6n omistajat ovat kaustislaisia ja kaustislaistaustaisia yritysmaailman edustajia.<\/p>\n<p>Alunperin Vetelin Pulkkiseen noin vuonna 1800 rakennettu Pelimannitalo siirrettiin nykyiselle paikalleen ja vihittiin k\u00e4ytt\u00f6\u00f6ns\u00e4 vuonna 1974. Kansanmusiikki-instituutti toimi talossa vuoteen 1997 asti. Talo on tunnettu Kaustisen kansanmusiikkijuhlien legendaarisimpana esiintymisfoorumina, ja siell\u00e4 on \u00e4\u00e4nitetty lukuisia keskeisi\u00e4 kansanmusiikkilevyj\u00e4. Pelimannitalo ja Kansanmusiikki-instituutti ovat yhdess\u00e4 j\u00e4rjest\u00e4neet talossa vuosittaisen Konsta Jylh\u00e4 -kilpailun vuodesta 2010 alkaen. Talon vakiintuneeseen vuodenkiertoon kuuluvat my\u00f6s Tallari-yhtyeen kausikonsertit sek\u00e4 esim. Kaustisen kamarimusiikkiviikon ja Musiiki ry:n j\u00e4rjest\u00e4m\u00e4t konsertit.<\/p>\n<p>&nbsp;<\/p>","protected":false},"excerpt":{"rendered":"<p>Kansanmusiikki-instituutti ry. vuokraa Kaustisella sijaitsevan Pelimannitalon 1.10.2020 alkaen. T\u00e4h\u00e4n asti Instituutti on vuokrannut osaa talon yl\u00e4kerrasta Tallari-yhtyeen harjoitus- ja toimistotilaksi sek\u00e4 kellarikerroksen varastotiloja. Uudella sopimuksella koko talo siirtyy yhdistyksen hallintaan. Kansanmusiikki-instituutin ja Pelimannitalon omistajien yhteisen\u00e4 tavoitteena on kehitt\u00e4\u00e4 Pelimannitalo vilkkaassa k\u00e4yt\u00f6ss\u00e4 olevaksi kansanmusiikkitaloksi. \u201dVuokraamme talon, hallinnoimme ja vastaamme siit\u00e4, mutta tarkoituksenamme on jakaa talo tasa-arvoisesti [&hellip;]<\/p>\n","protected":false},"author":3,"featured_media":1445,"comment_status":"closed","ping_status":"closed","sticky":false,"template":"","format":"standard","meta":{"_et_pb_use_builder":"","_et_pb_old_content":"","_et_gb_content_width":"","footnotes":""},"categories":[3],"tags":[],"class_list":["post-1429","post","type-post","status-publish","format-standard","has-post-thumbnail","hentry","category-yleinen"],"yoast_head":"<!-- This site is optimized with the Yoast SEO plugin v27.0 - https:\/\/yoast.com\/product\/yoast-seo-wordpress\/ -->\n<title>Pelimannitalo kaustislaisten kansanmusiikkiyhteis\u00f6jen hallintaan - Kansanmusiikki-instituutti<\/title>\n<meta name=\"robots\" content=\"index, follow, max-snippet:-1, max-image-preview:large, max-video-preview:-1\" \/>\n<link rel=\"canonical\" href=\"https:\/\/kansanmusiikki-instituutti.fi\/en\/2020\/09\/07\/pelimannitalo-kaustislaisten-kansanmusiikkiyhteisojen-hallintaan\/\" \/>\n<meta property=\"og:locale\" content=\"en_GB\" \/>\n<meta property=\"og:type\" content=\"article\" \/>\n<meta property=\"og:title\" content=\"Pelimannitalo kaustislaisten kansanmusiikkiyhteis\u00f6jen hallintaan - Kansanmusiikki-instituutti\" \/>\n<meta property=\"og:description\" content=\"Kansanmusiikki-instituutti ry. vuokraa Kaustisella sijaitsevan Pelimannitalon 1.10.2020 alkaen. T\u00e4h\u00e4n asti Instituutti on vuokrannut osaa talon yl\u00e4kerrasta Tallari-yhtyeen harjoitus- ja toimistotilaksi sek\u00e4 kellarikerroksen varastotiloja. Uudella sopimuksella koko talo siirtyy yhdistyksen hallintaan. Kansanmusiikki-instituutin ja Pelimannitalon omistajien yhteisen\u00e4 tavoitteena on kehitt\u00e4\u00e4 Pelimannitalo vilkkaassa k\u00e4yt\u00f6ss\u00e4 olevaksi kansanmusiikkitaloksi. \u201dVuokraamme talon, hallinnoimme ja vastaamme siit\u00e4, mutta tarkoituksenamme on jakaa talo tasa-arvoisesti [&hellip;]\" \/>\n<meta property=\"og:url\" content=\"https:\/\/kansanmusiikki-instituutti.fi\/en\/2020\/09\/07\/pelimannitalo-kaustislaisten-kansanmusiikkiyhteisojen-hallintaan\/\" \/>\n<meta property=\"og:site_name\" content=\"Kansanmusiikki-instituutti\" \/>\n<meta property=\"article:published_time\" content=\"2020-09-07T08:46:38+00:00\" \/>\n<meta name=\"author\" content=\"Lauri\" \/>\n<meta name=\"twitter:card\" content=\"summary_large_image\" \/>\n<meta name=\"twitter:label1\" content=\"Written by\" \/>\n\t<meta name=\"twitter:data1\" content=\"Lauri\" \/>\n\t<meta name=\"twitter:label2\" content=\"Estimated reading time\" \/>\n\t<meta name=\"twitter:data2\" content=\"1 minute\" \/>\n<script type=\"application\/ld+json\" class=\"yoast-schema-graph\">{\"@context\":\"https:\/\/schema.org\",\"@graph\":[{\"@type\":\"Article\",\"@id\":\"https:\/\/kansanmusiikki-instituutti.fi\/2020\/09\/07\/pelimannitalo-kaustislaisten-kansanmusiikkiyhteisojen-hallintaan\/#article\",\"isPartOf\":{\"@id\":\"https:\/\/kansanmusiikki-instituutti.fi\/2020\/09\/07\/pelimannitalo-kaustislaisten-kansanmusiikkiyhteisojen-hallintaan\/\"},\"author\":{\"name\":\"Lauri\",\"@id\":\"https:\/\/kansanmusiikki-instituutti.fi\/#\/schema\/person\/4aa7ba4a12aa17de1d24ef47d39771c8\"},\"headline\":\"Pelimannitalo kaustislaisten kansanmusiikkiyhteis\u00f6jen hallintaan\",\"datePublished\":\"2020-09-07T08:46:38+00:00\",\"mainEntityOfPage\":{\"@id\":\"https:\/\/kansanmusiikki-instituutti.fi\/2020\/09\/07\/pelimannitalo-kaustislaisten-kansanmusiikkiyhteisojen-hallintaan\/\"},\"wordCount\":267,\"image\":{\"@id\":\"https:\/\/kansanmusiikki-instituutti.fi\/2020\/09\/07\/pelimannitalo-kaustislaisten-kansanmusiikkiyhteisojen-hallintaan\/#primaryimage\"},\"thumbnailUrl\":\"\",\"articleSection\":[\"Yleinen\"],\"inLanguage\":\"en-GB\"},{\"@type\":\"WebPage\",\"@id\":\"https:\/\/kansanmusiikki-instituutti.fi\/2020\/09\/07\/pelimannitalo-kaustislaisten-kansanmusiikkiyhteisojen-hallintaan\/\",\"url\":\"https:\/\/kansanmusiikki-instituutti.fi\/2020\/09\/07\/pelimannitalo-kaustislaisten-kansanmusiikkiyhteisojen-hallintaan\/\",\"name\":\"Pelimannitalo kaustislaisten kansanmusiikkiyhteis\u00f6jen hallintaan - Kansanmusiikki-instituutti\",\"isPartOf\":{\"@id\":\"https:\/\/kansanmusiikki-instituutti.fi\/#website\"},\"primaryImageOfPage\":{\"@id\":\"https:\/\/kansanmusiikki-instituutti.fi\/2020\/09\/07\/pelimannitalo-kaustislaisten-kansanmusiikkiyhteisojen-hallintaan\/#primaryimage\"},\"image\":{\"@id\":\"https:\/\/kansanmusiikki-instituutti.fi\/2020\/09\/07\/pelimannitalo-kaustislaisten-kansanmusiikkiyhteisojen-hallintaan\/#primaryimage\"},\"thumbnailUrl\":\"\",\"datePublished\":\"2020-09-07T08:46:38+00:00\",\"author\":{\"@id\":\"https:\/\/kansanmusiikki-instituutti.fi\/#\/schema\/person\/4aa7ba4a12aa17de1d24ef47d39771c8\"},\"breadcrumb\":{\"@id\":\"https:\/\/kansanmusiikki-instituutti.fi\/2020\/09\/07\/pelimannitalo-kaustislaisten-kansanmusiikkiyhteisojen-hallintaan\/#breadcrumb\"},\"inLanguage\":\"en-GB\",\"potentialAction\":[{\"@type\":\"ReadAction\",\"target\":[\"https:\/\/kansanmusiikki-instituutti.fi\/2020\/09\/07\/pelimannitalo-kaustislaisten-kansanmusiikkiyhteisojen-hallintaan\/\"]}]},{\"@type\":\"ImageObject\",\"inLanguage\":\"en-GB\",\"@id\":\"https:\/\/kansanmusiikki-instituutti.fi\/2020\/09\/07\/pelimannitalo-kaustislaisten-kansanmusiikkiyhteisojen-hallintaan\/#primaryimage\",\"url\":\"\",\"contentUrl\":\"\"},{\"@type\":\"BreadcrumbList\",\"@id\":\"https:\/\/kansanmusiikki-instituutti.fi\/2020\/09\/07\/pelimannitalo-kaustislaisten-kansanmusiikkiyhteisojen-hallintaan\/#breadcrumb\",\"itemListElement\":[{\"@type\":\"ListItem\",\"position\":1,\"name\":\"Home\",\"item\":\"https:\/\/kansanmusiikki-instituutti.fi\/\"},{\"@type\":\"ListItem\",\"position\":2,\"name\":\"Pelimannitalo kaustislaisten kansanmusiikkiyhteis\u00f6jen hallintaan\"}]},{\"@type\":\"WebSite\",\"@id\":\"https:\/\/kansanmusiikki-instituutti.fi\/#website\",\"url\":\"https:\/\/kansanmusiikki-instituutti.fi\/\",\"name\":\"Kansanmusiikki-instituutti\",\"description\":\"Finnish Folk Music Institute\",\"potentialAction\":[{\"@type\":\"SearchAction\",\"target\":{\"@type\":\"EntryPoint\",\"urlTemplate\":\"https:\/\/kansanmusiikki-instituutti.fi\/?s={search_term_string}\"},\"query-input\":{\"@type\":\"PropertyValueSpecification\",\"valueRequired\":true,\"valueName\":\"search_term_string\"}}],\"inLanguage\":\"en-GB\"},{\"@type\":\"Person\",\"@id\":\"https:\/\/kansanmusiikki-instituutti.fi\/#\/schema\/person\/4aa7ba4a12aa17de1d24ef47d39771c8\",\"name\":\"Lauri\",\"image\":{\"@type\":\"ImageObject\",\"inLanguage\":\"en-GB\",\"@id\":\"https:\/\/kansanmusiikki-instituutti.fi\/#\/schema\/person\/image\/\",\"url\":\"https:\/\/secure.gravatar.com\/avatar\/b16797c3886605198ad20c0d234781097185f061211a69f0f0e8c5382db1b8e0?s=96&d=mm&r=g\",\"contentUrl\":\"https:\/\/secure.gravatar.com\/avatar\/b16797c3886605198ad20c0d234781097185f061211a69f0f0e8c5382db1b8e0?s=96&d=mm&r=g\",\"caption\":\"Lauri\"},\"url\":\"https:\/\/kansanmusiikki-instituutti.fi\/en\/author\/lauri\/\"}]}<\/script>\n<!-- \/ Yoast SEO plugin. -->","yoast_head_json":{"title":"Pelimannitalo kaustislaisten kansanmusiikkiyhteis\u00f6jen hallintaan - Kansanmusiikki-instituutti","robots":{"index":"index","follow":"follow","max-snippet":"max-snippet:-1","max-image-preview":"max-image-preview:large","max-video-preview":"max-video-preview:-1"},"canonical":"https:\/\/kansanmusiikki-instituutti.fi\/en\/2020\/09\/07\/pelimannitalo-kaustislaisten-kansanmusiikkiyhteisojen-hallintaan\/","og_locale":"en_GB","og_type":"article","og_title":"Pelimannitalo kaustislaisten kansanmusiikkiyhteis\u00f6jen hallintaan - Kansanmusiikki-instituutti","og_description":"Kansanmusiikki-instituutti ry. vuokraa Kaustisella sijaitsevan Pelimannitalon 1.10.2020 alkaen. T\u00e4h\u00e4n asti Instituutti on vuokrannut osaa talon yl\u00e4kerrasta Tallari-yhtyeen harjoitus- ja toimistotilaksi sek\u00e4 kellarikerroksen varastotiloja. Uudella sopimuksella koko talo siirtyy yhdistyksen hallintaan. Kansanmusiikki-instituutin ja Pelimannitalon omistajien yhteisen\u00e4 tavoitteena on kehitt\u00e4\u00e4 Pelimannitalo vilkkaassa k\u00e4yt\u00f6ss\u00e4 olevaksi kansanmusiikkitaloksi. \u201dVuokraamme talon, hallinnoimme ja vastaamme siit\u00e4, mutta tarkoituksenamme on jakaa talo tasa-arvoisesti [&hellip;]","og_url":"https:\/\/kansanmusiikki-instituutti.fi\/en\/2020\/09\/07\/pelimannitalo-kaustislaisten-kansanmusiikkiyhteisojen-hallintaan\/","og_site_name":"Kansanmusiikki-instituutti","article_published_time":"2020-09-07T08:46:38+00:00","author":"Lauri","twitter_card":"summary_large_image","twitter_misc":{"Written by":"Lauri","Estimated reading time":"1 minute"},"schema":{"@context":"https:\/\/schema.org","@graph":[{"@type":"Article","@id":"https:\/\/kansanmusiikki-instituutti.fi\/2020\/09\/07\/pelimannitalo-kaustislaisten-kansanmusiikkiyhteisojen-hallintaan\/#article","isPartOf":{"@id":"https:\/\/kansanmusiikki-instituutti.fi\/2020\/09\/07\/pelimannitalo-kaustislaisten-kansanmusiikkiyhteisojen-hallintaan\/"},"author":{"name":"Lauri","@id":"https:\/\/kansanmusiikki-instituutti.fi\/#\/schema\/person\/4aa7ba4a12aa17de1d24ef47d39771c8"},"headline":"Pelimannitalo kaustislaisten kansanmusiikkiyhteis\u00f6jen hallintaan","datePublished":"2020-09-07T08:46:38+00:00","mainEntityOfPage":{"@id":"https:\/\/kansanmusiikki-instituutti.fi\/2020\/09\/07\/pelimannitalo-kaustislaisten-kansanmusiikkiyhteisojen-hallintaan\/"},"wordCount":267,"image":{"@id":"https:\/\/kansanmusiikki-instituutti.fi\/2020\/09\/07\/pelimannitalo-kaustislaisten-kansanmusiikkiyhteisojen-hallintaan\/#primaryimage"},"thumbnailUrl":"","articleSection":["Yleinen"],"inLanguage":"en-GB"},{"@type":"WebPage","@id":"https:\/\/kansanmusiikki-instituutti.fi\/2020\/09\/07\/pelimannitalo-kaustislaisten-kansanmusiikkiyhteisojen-hallintaan\/","url":"https:\/\/kansanmusiikki-instituutti.fi\/2020\/09\/07\/pelimannitalo-kaustislaisten-kansanmusiikkiyhteisojen-hallintaan\/","name":"Pelimannitalo kaustislaisten kansanmusiikkiyhteis\u00f6jen hallintaan - Kansanmusiikki-instituutti","isPartOf":{"@id":"https:\/\/kansanmusiikki-instituutti.fi\/#website"},"primaryImageOfPage":{"@id":"https:\/\/kansanmusiikki-instituutti.fi\/2020\/09\/07\/pelimannitalo-kaustislaisten-kansanmusiikkiyhteisojen-hallintaan\/#primaryimage"},"image":{"@id":"https:\/\/kansanmusiikki-instituutti.fi\/2020\/09\/07\/pelimannitalo-kaustislaisten-kansanmusiikkiyhteisojen-hallintaan\/#primaryimage"},"thumbnailUrl":"","datePublished":"2020-09-07T08:46:38+00:00","author":{"@id":"https:\/\/kansanmusiikki-instituutti.fi\/#\/schema\/person\/4aa7ba4a12aa17de1d24ef47d39771c8"},"breadcrumb":{"@id":"https:\/\/kansanmusiikki-instituutti.fi\/2020\/09\/07\/pelimannitalo-kaustislaisten-kansanmusiikkiyhteisojen-hallintaan\/#breadcrumb"},"inLanguage":"en-GB","potentialAction":[{"@type":"ReadAction","target":["https:\/\/kansanmusiikki-instituutti.fi\/2020\/09\/07\/pelimannitalo-kaustislaisten-kansanmusiikkiyhteisojen-hallintaan\/"]}]},{"@type":"ImageObject","inLanguage":"en-GB","@id":"https:\/\/kansanmusiikki-instituutti.fi\/2020\/09\/07\/pelimannitalo-kaustislaisten-kansanmusiikkiyhteisojen-hallintaan\/#primaryimage","url":"","contentUrl":""},{"@type":"BreadcrumbList","@id":"https:\/\/kansanmusiikki-instituutti.fi\/2020\/09\/07\/pelimannitalo-kaustislaisten-kansanmusiikkiyhteisojen-hallintaan\/#breadcrumb","itemListElement":[{"@type":"ListItem","position":1,"name":"Home","item":"https:\/\/kansanmusiikki-instituutti.fi\/"},{"@type":"ListItem","position":2,"name":"Pelimannitalo kaustislaisten kansanmusiikkiyhteis\u00f6jen hallintaan"}]},{"@type":"WebSite","@id":"https:\/\/kansanmusiikki-instituutti.fi\/#website","url":"https:\/\/kansanmusiikki-instituutti.fi\/","name":"The Finnish Folk Music Institute","description":"Finnish Folk Music Institute","potentialAction":[{"@type":"SearchAction","target":{"@type":"EntryPoint","urlTemplate":"https:\/\/kansanmusiikki-instituutti.fi\/?s={search_term_string}"},"query-input":{"@type":"PropertyValueSpecification","valueRequired":true,"valueName":"search_term_string"}}],"inLanguage":"en-GB"},{"@type":"Person","@id":"https:\/\/kansanmusiikki-instituutti.fi\/#\/schema\/person\/4aa7ba4a12aa17de1d24ef47d39771c8","name":"Lauri","image":{"@type":"ImageObject","inLanguage":"en-GB","@id":"https:\/\/kansanmusiikki-instituutti.fi\/#\/schema\/person\/image\/","url":"https:\/\/secure.gravatar.com\/avatar\/b16797c3886605198ad20c0d234781097185f061211a69f0f0e8c5382db1b8e0?s=96&d=mm&r=g","contentUrl":"https:\/\/secure.gravatar.com\/avatar\/b16797c3886605198ad20c0d234781097185f061211a69f0f0e8c5382db1b8e0?s=96&d=mm&r=g","caption":"Lauri"},"url":"https:\/\/kansanmusiikki-instituutti.fi\/en\/author\/lauri\/"}]}},"_links":{"self":[{"href":"https:\/\/kansanmusiikki-instituutti.fi\/en\/wp-json\/wp\/v2\/posts\/1429","targetHints":{"allow":["GET"]}}],"collection":[{"href":"https:\/\/kansanmusiikki-instituutti.fi\/en\/wp-json\/wp\/v2\/posts"}],"about":[{"href":"https:\/\/kansanmusiikki-instituutti.fi\/en\/wp-json\/wp\/v2\/types\/post"}],"author":[{"embeddable":true,"href":"https:\/\/kansanmusiikki-instituutti.fi\/en\/wp-json\/wp\/v2\/users\/3"}],"replies":[{"embeddable":true,"href":"https:\/\/kansanmusiikki-instituutti.fi\/en\/wp-json\/wp\/v2\/comments?post=1429"}],"version-history":[{"count":0,"href":"https:\/\/kansanmusiikki-instituutti.fi\/en\/wp-json\/wp\/v2\/posts\/1429\/revisions"}],"wp:featuredmedia":[{"embeddable":true,"href":"https:\/\/kansanmusiikki-instituutti.fi\/en\/wp-json\/"}],"wp:attachment":[{"href":"https:\/\/kansanmusiikki-instituutti.fi\/en\/wp-json\/wp\/v2\/media?parent=1429"}],"wp:term":[{"taxonomy":"category","embeddable":true,"href":"https:\/\/kansanmusiikki-instituutti.fi\/en\/wp-json\/wp\/v2\/categories?post=1429"},{"taxonomy":"post_tag","embeddable":true,"href":"https:\/\/kansanmusiikki-instituutti.fi\/en\/wp-json\/wp\/v2\/tags?post=1429"}],"curies":[{"name":"wp","href":"https:\/\/api.w.org\/{rel}","templated":true}]}}