{"id":1981,"date":"2021-09-13T11:02:41","date_gmt":"2021-09-13T11:02:41","guid":{"rendered":"https:\/\/kansanmusiikki-instituutti.fi\/?p=1981"},"modified":"2021-09-13T11:07:28","modified_gmt":"2021-09-13T11:07:28","slug":"konsta-jylha-voittaja-polentan-levylla-mennaan-turbo-viheltaen","status":"publish","type":"post","link":"https:\/\/kansanmusiikki-instituutti.fi\/en\/2021\/09\/13\/konsta-jylha-voittaja-polentan-levylla-mennaan-turbo-viheltaen\/","title":{"rendered":"Konsta Jylh\u00e4  -voittaja Polentan levyll\u00e4 menn\u00e4\u00e4n turbo vihelt\u00e4en"},"content":{"rendered":"<p>Kansanmusiikkiyhtye Polentan debyyttialbumi sai l\u00e4ht\u00f6laukauksen vuoden 2019 Konsta Jylh\u00e4 -kilpailussa. Vasta edelliskev\u00e4\u00e4n\u00e4 perustettu yhtye vei kilpailun voiton energisill\u00e4, riehakkailla ja tuomariston sanoin \u201dkonstailevilla\u201d tulkinnoillaan Konsta Jylh\u00e4n s\u00e4vellyksist\u00e4 sek\u00e4 Kaustisen alueen perinnes\u00e4velmist\u00e4. Yhtyeen ohjelmiston koostuessa siihen aikaan ainoastaan kaustislaisista kappaleista her\u00e4si idea niiden \u00e4\u00e4nitt\u00e4misest\u00e4 kokonaiseksi albumiksi teemalla \u201dKaustinen Turbo\u201d.<\/p>\n\n\n\n<p>Suunnitelmana oli takoa, kun rauta oli kuuma kisamenestyksen j\u00e4ljilt\u00e4, ja julkaista levy jo kev\u00e4\u00e4ll\u00e4 2020. Koronapandemia heitti kuitenkin suunnitelmat ymp\u00e4ri, ja kappaleet j\u00e4iv\u00e4t hautumaan moneksi kuukaudeksi vailla mahdollisuutta soittaa niit\u00e4 yhdess\u00e4. Polentan musiikissa, kuten kansanmusiikissa yleens\u00e4kin, yhten\u00e4 suurena teemana on yhteis\u00f6llisyys. Kun kaikki kansanmuusikot ja -tanssijat joutuivat sulkeutumaan koteihinsa koronaa karkuun, yhteis\u00f6llisyys tuntui katoavan. Eristys teki entist\u00e4kin t\u00e4rke\u00e4mm\u00e4ksi taltioida levylle se, mit\u00e4 Polenta haluaa musiikillaan tarjota kuulijoille \u2013 yhteis\u00f6llisyys ja v\u00e4litt\u00f6myys, ilo ja riemu, se, kuinka musiikki tuntuu koko kehossa. Kes\u00e4ll\u00e4 2020 Polenta p\u00e4\u00e4si j\u00e4lleen soittamaan yhdess\u00e4, ja levynteon rattaat pistettiin uudelleen py\u00f6rim\u00e4\u00e4n.<\/p>\n\n\n\n<p>Levyn kappaleiden sovittamiseen ovat osallistuneet kaikki yhtyeen j\u00e4senet: Jonna Lankinen (viulu), Aino Kinnunen (viulu), Olli Sippola (viulu) sek\u00e4 Mikko Malmivaara (kitara). Taiteelliseksi tuottajaksi ja kaustislaisen musiikin asiantuntijaksi pyydettiin viulisti Esko J\u00e4rvel\u00e4. Levy \u00e4\u00e4nitettiin syksyll\u00e4 2020 J\u00e4rvenp\u00e4\u00e4n Kallio-Kuninkalassa, ja \u00e4\u00e4nitt\u00e4j\u00e4n\u00e4 sek\u00e4 miksaajana toimi Joonas Saikkonen.<\/p>\n\n\n\n<p>Nyt, l\u00e4hes kahta vuotta ja yht\u00e4 pandemiaa my\u00f6hemmin esikoislevy on viimein valmis, ja Polentan turboladatut versiot tunnetuista kaustislaisista s\u00e4velmist\u00e4 ovat valmiit kaikkien kuultavaksi!<\/p>\n\n\n\n<p>Polenta: Kaustinen Turbo. Kansanmusiikki-instituutti 2021, KICD 146\/Sibelius-akatemian kansanmusiikki\u00e4\u00e4nitteit\u00e4 179.<\/p>\n\n\n\n<p><a href=\"https:\/\/kauppa.kansanmusiikki-instituutti.fi\/tuote\/23499422\" target=\"_blank\" rel=\"noreferrer noopener\">Osta Polentan levy Kansanmusiikki-instituutin verkkokaupasta.<\/a><\/p>","protected":false},"excerpt":{"rendered":"<p>Kansanmusiikkiyhtye Polentan debyyttialbumi sai l\u00e4ht\u00f6laukauksen vuoden 2019 Konsta Jylh\u00e4 -kilpailussa. Vasta edelliskev\u00e4\u00e4n\u00e4 perustettu yhtye vei kilpailun voiton energisill\u00e4, riehakkailla ja tuomariston sanoin \u201dkonstailevilla\u201d tulkinnoillaan Konsta Jylh\u00e4n s\u00e4vellyksist\u00e4 sek\u00e4 Kaustisen alueen perinnes\u00e4velmist\u00e4. Yhtyeen ohjelmiston koostuessa siihen aikaan ainoastaan kaustislaisista kappaleista her\u00e4si idea niiden \u00e4\u00e4nitt\u00e4misest\u00e4 kokonaiseksi albumiksi teemalla \u201dKaustinen Turbo\u201d. Suunnitelmana oli takoa, kun rauta oli kuuma [&hellip;]<\/p>\n","protected":false},"author":3,"featured_media":1982,"comment_status":"closed","ping_status":"open","sticky":false,"template":"","format":"standard","meta":{"_et_pb_use_builder":"off","_et_pb_old_content":"","_et_gb_content_width":"","footnotes":""},"categories":[1],"tags":[],"class_list":["post-1981","post","type-post","status-publish","format-standard","has-post-thumbnail","hentry","category-uncategorized"],"yoast_head":"<!-- This site is optimized with the Yoast SEO plugin v27.0 - https:\/\/yoast.com\/product\/yoast-seo-wordpress\/ -->\n<title>Konsta Jylh\u00e4 -voittaja Polentan levyll\u00e4 menn\u00e4\u00e4n turbo vihelt\u00e4en - Kansanmusiikki-instituutti<\/title>\n<meta name=\"robots\" content=\"index, follow, max-snippet:-1, max-image-preview:large, max-video-preview:-1\" \/>\n<link rel=\"canonical\" href=\"https:\/\/kansanmusiikki-instituutti.fi\/en\/2021\/09\/13\/konsta-jylha-voittaja-polentan-levylla-mennaan-turbo-viheltaen\/\" \/>\n<meta property=\"og:locale\" content=\"en_GB\" \/>\n<meta property=\"og:type\" content=\"article\" \/>\n<meta property=\"og:title\" content=\"Konsta Jylh\u00e4 -voittaja Polentan levyll\u00e4 menn\u00e4\u00e4n turbo vihelt\u00e4en - Kansanmusiikki-instituutti\" \/>\n<meta property=\"og:description\" content=\"Kansanmusiikkiyhtye Polentan debyyttialbumi sai l\u00e4ht\u00f6laukauksen vuoden 2019 Konsta Jylh\u00e4 -kilpailussa. Vasta edelliskev\u00e4\u00e4n\u00e4 perustettu yhtye vei kilpailun voiton energisill\u00e4, riehakkailla ja tuomariston sanoin \u201dkonstailevilla\u201d tulkinnoillaan Konsta Jylh\u00e4n s\u00e4vellyksist\u00e4 sek\u00e4 Kaustisen alueen perinnes\u00e4velmist\u00e4. Yhtyeen ohjelmiston koostuessa siihen aikaan ainoastaan kaustislaisista kappaleista her\u00e4si idea niiden \u00e4\u00e4nitt\u00e4misest\u00e4 kokonaiseksi albumiksi teemalla \u201dKaustinen Turbo\u201d. Suunnitelmana oli takoa, kun rauta oli kuuma [&hellip;]\" \/>\n<meta property=\"og:url\" content=\"https:\/\/kansanmusiikki-instituutti.fi\/en\/2021\/09\/13\/konsta-jylha-voittaja-polentan-levylla-mennaan-turbo-viheltaen\/\" \/>\n<meta property=\"og:site_name\" content=\"Kansanmusiikki-instituutti\" \/>\n<meta property=\"article:published_time\" content=\"2021-09-13T11:02:41+00:00\" \/>\n<meta property=\"article:modified_time\" content=\"2021-09-13T11:07:28+00:00\" \/>\n<meta property=\"og:image\" content=\"https:\/\/kansanmusiikki-instituutti.fi\/wp-content\/uploads\/2021\/09\/KICD146_digisleeve.jpg\" \/>\n\t<meta property=\"og:image:width\" content=\"1648\" \/>\n\t<meta property=\"og:image:height\" content=\"1479\" \/>\n\t<meta property=\"og:image:type\" content=\"image\/jpeg\" \/>\n<meta name=\"author\" content=\"Lauri\" \/>\n<meta name=\"twitter:card\" content=\"summary_large_image\" \/>\n<meta name=\"twitter:label1\" content=\"Written by\" \/>\n\t<meta name=\"twitter:data1\" content=\"Lauri\" \/>\n\t<meta name=\"twitter:label2\" content=\"Estimated reading time\" \/>\n\t<meta name=\"twitter:data2\" content=\"1 minute\" \/>\n<script type=\"application\/ld+json\" class=\"yoast-schema-graph\">{\"@context\":\"https:\/\/schema.org\",\"@graph\":[{\"@type\":\"Article\",\"@id\":\"https:\/\/kansanmusiikki-instituutti.fi\/2021\/09\/13\/konsta-jylha-voittaja-polentan-levylla-mennaan-turbo-viheltaen\/#article\",\"isPartOf\":{\"@id\":\"https:\/\/kansanmusiikki-instituutti.fi\/2021\/09\/13\/konsta-jylha-voittaja-polentan-levylla-mennaan-turbo-viheltaen\/\"},\"author\":{\"name\":\"Lauri\",\"@id\":\"https:\/\/kansanmusiikki-instituutti.fi\/#\/schema\/person\/4aa7ba4a12aa17de1d24ef47d39771c8\"},\"headline\":\"Konsta Jylh\u00e4 -voittaja Polentan levyll\u00e4 menn\u00e4\u00e4n turbo vihelt\u00e4en\",\"datePublished\":\"2021-09-13T11:02:41+00:00\",\"dateModified\":\"2021-09-13T11:07:28+00:00\",\"mainEntityOfPage\":{\"@id\":\"https:\/\/kansanmusiikki-instituutti.fi\/2021\/09\/13\/konsta-jylha-voittaja-polentan-levylla-mennaan-turbo-viheltaen\/\"},\"wordCount\":263,\"image\":{\"@id\":\"https:\/\/kansanmusiikki-instituutti.fi\/2021\/09\/13\/konsta-jylha-voittaja-polentan-levylla-mennaan-turbo-viheltaen\/#primaryimage\"},\"thumbnailUrl\":\"https:\/\/kansanmusiikki-instituutti.fi\/wp-content\/uploads\/2021\/09\/KICD146_digisleeve.jpg\",\"articleSection\":[\"Uncategorized\"],\"inLanguage\":\"en-GB\"},{\"@type\":\"WebPage\",\"@id\":\"https:\/\/kansanmusiikki-instituutti.fi\/2021\/09\/13\/konsta-jylha-voittaja-polentan-levylla-mennaan-turbo-viheltaen\/\",\"url\":\"https:\/\/kansanmusiikki-instituutti.fi\/2021\/09\/13\/konsta-jylha-voittaja-polentan-levylla-mennaan-turbo-viheltaen\/\",\"name\":\"Konsta Jylh\u00e4 -voittaja Polentan levyll\u00e4 menn\u00e4\u00e4n turbo vihelt\u00e4en - Kansanmusiikki-instituutti\",\"isPartOf\":{\"@id\":\"https:\/\/kansanmusiikki-instituutti.fi\/#website\"},\"primaryImageOfPage\":{\"@id\":\"https:\/\/kansanmusiikki-instituutti.fi\/2021\/09\/13\/konsta-jylha-voittaja-polentan-levylla-mennaan-turbo-viheltaen\/#primaryimage\"},\"image\":{\"@id\":\"https:\/\/kansanmusiikki-instituutti.fi\/2021\/09\/13\/konsta-jylha-voittaja-polentan-levylla-mennaan-turbo-viheltaen\/#primaryimage\"},\"thumbnailUrl\":\"https:\/\/kansanmusiikki-instituutti.fi\/wp-content\/uploads\/2021\/09\/KICD146_digisleeve.jpg\",\"datePublished\":\"2021-09-13T11:02:41+00:00\",\"dateModified\":\"2021-09-13T11:07:28+00:00\",\"author\":{\"@id\":\"https:\/\/kansanmusiikki-instituutti.fi\/#\/schema\/person\/4aa7ba4a12aa17de1d24ef47d39771c8\"},\"breadcrumb\":{\"@id\":\"https:\/\/kansanmusiikki-instituutti.fi\/2021\/09\/13\/konsta-jylha-voittaja-polentan-levylla-mennaan-turbo-viheltaen\/#breadcrumb\"},\"inLanguage\":\"en-GB\",\"potentialAction\":[{\"@type\":\"ReadAction\",\"target\":[\"https:\/\/kansanmusiikki-instituutti.fi\/2021\/09\/13\/konsta-jylha-voittaja-polentan-levylla-mennaan-turbo-viheltaen\/\"]}]},{\"@type\":\"ImageObject\",\"inLanguage\":\"en-GB\",\"@id\":\"https:\/\/kansanmusiikki-instituutti.fi\/2021\/09\/13\/konsta-jylha-voittaja-polentan-levylla-mennaan-turbo-viheltaen\/#primaryimage\",\"url\":\"https:\/\/kansanmusiikki-instituutti.fi\/wp-content\/uploads\/2021\/09\/KICD146_digisleeve.jpg\",\"contentUrl\":\"https:\/\/kansanmusiikki-instituutti.fi\/wp-content\/uploads\/2021\/09\/KICD146_digisleeve.jpg\",\"width\":1648,\"height\":1479},{\"@type\":\"BreadcrumbList\",\"@id\":\"https:\/\/kansanmusiikki-instituutti.fi\/2021\/09\/13\/konsta-jylha-voittaja-polentan-levylla-mennaan-turbo-viheltaen\/#breadcrumb\",\"itemListElement\":[{\"@type\":\"ListItem\",\"position\":1,\"name\":\"Home\",\"item\":\"https:\/\/kansanmusiikki-instituutti.fi\/\"},{\"@type\":\"ListItem\",\"position\":2,\"name\":\"Konsta Jylh\u00e4 -voittaja Polentan levyll\u00e4 menn\u00e4\u00e4n turbo vihelt\u00e4en\"}]},{\"@type\":\"WebSite\",\"@id\":\"https:\/\/kansanmusiikki-instituutti.fi\/#website\",\"url\":\"https:\/\/kansanmusiikki-instituutti.fi\/\",\"name\":\"Kansanmusiikki-instituutti\",\"description\":\"Finnish Folk Music Institute\",\"potentialAction\":[{\"@type\":\"SearchAction\",\"target\":{\"@type\":\"EntryPoint\",\"urlTemplate\":\"https:\/\/kansanmusiikki-instituutti.fi\/?s={search_term_string}\"},\"query-input\":{\"@type\":\"PropertyValueSpecification\",\"valueRequired\":true,\"valueName\":\"search_term_string\"}}],\"inLanguage\":\"en-GB\"},{\"@type\":\"Person\",\"@id\":\"https:\/\/kansanmusiikki-instituutti.fi\/#\/schema\/person\/4aa7ba4a12aa17de1d24ef47d39771c8\",\"name\":\"Lauri\",\"image\":{\"@type\":\"ImageObject\",\"inLanguage\":\"en-GB\",\"@id\":\"https:\/\/kansanmusiikki-instituutti.fi\/#\/schema\/person\/image\/\",\"url\":\"https:\/\/secure.gravatar.com\/avatar\/b16797c3886605198ad20c0d234781097185f061211a69f0f0e8c5382db1b8e0?s=96&d=mm&r=g\",\"contentUrl\":\"https:\/\/secure.gravatar.com\/avatar\/b16797c3886605198ad20c0d234781097185f061211a69f0f0e8c5382db1b8e0?s=96&d=mm&r=g\",\"caption\":\"Lauri\"},\"url\":\"https:\/\/kansanmusiikki-instituutti.fi\/en\/author\/lauri\/\"}]}<\/script>\n<!-- \/ Yoast SEO plugin. -->","yoast_head_json":{"title":"Konsta Jylh\u00e4 -voittaja Polentan levyll\u00e4 menn\u00e4\u00e4n turbo vihelt\u00e4en - Kansanmusiikki-instituutti","robots":{"index":"index","follow":"follow","max-snippet":"max-snippet:-1","max-image-preview":"max-image-preview:large","max-video-preview":"max-video-preview:-1"},"canonical":"https:\/\/kansanmusiikki-instituutti.fi\/en\/2021\/09\/13\/konsta-jylha-voittaja-polentan-levylla-mennaan-turbo-viheltaen\/","og_locale":"en_GB","og_type":"article","og_title":"Konsta Jylh\u00e4 -voittaja Polentan levyll\u00e4 menn\u00e4\u00e4n turbo vihelt\u00e4en - Kansanmusiikki-instituutti","og_description":"Kansanmusiikkiyhtye Polentan debyyttialbumi sai l\u00e4ht\u00f6laukauksen vuoden 2019 Konsta Jylh\u00e4 -kilpailussa. Vasta edelliskev\u00e4\u00e4n\u00e4 perustettu yhtye vei kilpailun voiton energisill\u00e4, riehakkailla ja tuomariston sanoin \u201dkonstailevilla\u201d tulkinnoillaan Konsta Jylh\u00e4n s\u00e4vellyksist\u00e4 sek\u00e4 Kaustisen alueen perinnes\u00e4velmist\u00e4. Yhtyeen ohjelmiston koostuessa siihen aikaan ainoastaan kaustislaisista kappaleista her\u00e4si idea niiden \u00e4\u00e4nitt\u00e4misest\u00e4 kokonaiseksi albumiksi teemalla \u201dKaustinen Turbo\u201d. Suunnitelmana oli takoa, kun rauta oli kuuma [&hellip;]","og_url":"https:\/\/kansanmusiikki-instituutti.fi\/en\/2021\/09\/13\/konsta-jylha-voittaja-polentan-levylla-mennaan-turbo-viheltaen\/","og_site_name":"Kansanmusiikki-instituutti","article_published_time":"2021-09-13T11:02:41+00:00","article_modified_time":"2021-09-13T11:07:28+00:00","og_image":[{"width":1648,"height":1479,"url":"https:\/\/kansanmusiikki-instituutti.fi\/wp-content\/uploads\/2021\/09\/KICD146_digisleeve.jpg","type":"image\/jpeg"}],"author":"Lauri","twitter_card":"summary_large_image","twitter_misc":{"Written by":"Lauri","Estimated reading time":"1 minute"},"schema":{"@context":"https:\/\/schema.org","@graph":[{"@type":"Article","@id":"https:\/\/kansanmusiikki-instituutti.fi\/2021\/09\/13\/konsta-jylha-voittaja-polentan-levylla-mennaan-turbo-viheltaen\/#article","isPartOf":{"@id":"https:\/\/kansanmusiikki-instituutti.fi\/2021\/09\/13\/konsta-jylha-voittaja-polentan-levylla-mennaan-turbo-viheltaen\/"},"author":{"name":"Lauri","@id":"https:\/\/kansanmusiikki-instituutti.fi\/#\/schema\/person\/4aa7ba4a12aa17de1d24ef47d39771c8"},"headline":"Konsta Jylh\u00e4 -voittaja Polentan levyll\u00e4 menn\u00e4\u00e4n turbo vihelt\u00e4en","datePublished":"2021-09-13T11:02:41+00:00","dateModified":"2021-09-13T11:07:28+00:00","mainEntityOfPage":{"@id":"https:\/\/kansanmusiikki-instituutti.fi\/2021\/09\/13\/konsta-jylha-voittaja-polentan-levylla-mennaan-turbo-viheltaen\/"},"wordCount":263,"image":{"@id":"https:\/\/kansanmusiikki-instituutti.fi\/2021\/09\/13\/konsta-jylha-voittaja-polentan-levylla-mennaan-turbo-viheltaen\/#primaryimage"},"thumbnailUrl":"https:\/\/kansanmusiikki-instituutti.fi\/wp-content\/uploads\/2021\/09\/KICD146_digisleeve.jpg","articleSection":["Uncategorized"],"inLanguage":"en-GB"},{"@type":"WebPage","@id":"https:\/\/kansanmusiikki-instituutti.fi\/2021\/09\/13\/konsta-jylha-voittaja-polentan-levylla-mennaan-turbo-viheltaen\/","url":"https:\/\/kansanmusiikki-instituutti.fi\/2021\/09\/13\/konsta-jylha-voittaja-polentan-levylla-mennaan-turbo-viheltaen\/","name":"Konsta Jylh\u00e4 -voittaja Polentan levyll\u00e4 menn\u00e4\u00e4n turbo vihelt\u00e4en - Kansanmusiikki-instituutti","isPartOf":{"@id":"https:\/\/kansanmusiikki-instituutti.fi\/#website"},"primaryImageOfPage":{"@id":"https:\/\/kansanmusiikki-instituutti.fi\/2021\/09\/13\/konsta-jylha-voittaja-polentan-levylla-mennaan-turbo-viheltaen\/#primaryimage"},"image":{"@id":"https:\/\/kansanmusiikki-instituutti.fi\/2021\/09\/13\/konsta-jylha-voittaja-polentan-levylla-mennaan-turbo-viheltaen\/#primaryimage"},"thumbnailUrl":"https:\/\/kansanmusiikki-instituutti.fi\/wp-content\/uploads\/2021\/09\/KICD146_digisleeve.jpg","datePublished":"2021-09-13T11:02:41+00:00","dateModified":"2021-09-13T11:07:28+00:00","author":{"@id":"https:\/\/kansanmusiikki-instituutti.fi\/#\/schema\/person\/4aa7ba4a12aa17de1d24ef47d39771c8"},"breadcrumb":{"@id":"https:\/\/kansanmusiikki-instituutti.fi\/2021\/09\/13\/konsta-jylha-voittaja-polentan-levylla-mennaan-turbo-viheltaen\/#breadcrumb"},"inLanguage":"en-GB","potentialAction":[{"@type":"ReadAction","target":["https:\/\/kansanmusiikki-instituutti.fi\/2021\/09\/13\/konsta-jylha-voittaja-polentan-levylla-mennaan-turbo-viheltaen\/"]}]},{"@type":"ImageObject","inLanguage":"en-GB","@id":"https:\/\/kansanmusiikki-instituutti.fi\/2021\/09\/13\/konsta-jylha-voittaja-polentan-levylla-mennaan-turbo-viheltaen\/#primaryimage","url":"https:\/\/kansanmusiikki-instituutti.fi\/wp-content\/uploads\/2021\/09\/KICD146_digisleeve.jpg","contentUrl":"https:\/\/kansanmusiikki-instituutti.fi\/wp-content\/uploads\/2021\/09\/KICD146_digisleeve.jpg","width":1648,"height":1479},{"@type":"BreadcrumbList","@id":"https:\/\/kansanmusiikki-instituutti.fi\/2021\/09\/13\/konsta-jylha-voittaja-polentan-levylla-mennaan-turbo-viheltaen\/#breadcrumb","itemListElement":[{"@type":"ListItem","position":1,"name":"Home","item":"https:\/\/kansanmusiikki-instituutti.fi\/"},{"@type":"ListItem","position":2,"name":"Konsta Jylh\u00e4 -voittaja Polentan levyll\u00e4 menn\u00e4\u00e4n turbo vihelt\u00e4en"}]},{"@type":"WebSite","@id":"https:\/\/kansanmusiikki-instituutti.fi\/#website","url":"https:\/\/kansanmusiikki-instituutti.fi\/","name":"The Finnish Folk Music Institute","description":"Finnish Folk Music Institute","potentialAction":[{"@type":"SearchAction","target":{"@type":"EntryPoint","urlTemplate":"https:\/\/kansanmusiikki-instituutti.fi\/?s={search_term_string}"},"query-input":{"@type":"PropertyValueSpecification","valueRequired":true,"valueName":"search_term_string"}}],"inLanguage":"en-GB"},{"@type":"Person","@id":"https:\/\/kansanmusiikki-instituutti.fi\/#\/schema\/person\/4aa7ba4a12aa17de1d24ef47d39771c8","name":"Lauri","image":{"@type":"ImageObject","inLanguage":"en-GB","@id":"https:\/\/kansanmusiikki-instituutti.fi\/#\/schema\/person\/image\/","url":"https:\/\/secure.gravatar.com\/avatar\/b16797c3886605198ad20c0d234781097185f061211a69f0f0e8c5382db1b8e0?s=96&d=mm&r=g","contentUrl":"https:\/\/secure.gravatar.com\/avatar\/b16797c3886605198ad20c0d234781097185f061211a69f0f0e8c5382db1b8e0?s=96&d=mm&r=g","caption":"Lauri"},"url":"https:\/\/kansanmusiikki-instituutti.fi\/en\/author\/lauri\/"}]}},"_links":{"self":[{"href":"https:\/\/kansanmusiikki-instituutti.fi\/en\/wp-json\/wp\/v2\/posts\/1981","targetHints":{"allow":["GET"]}}],"collection":[{"href":"https:\/\/kansanmusiikki-instituutti.fi\/en\/wp-json\/wp\/v2\/posts"}],"about":[{"href":"https:\/\/kansanmusiikki-instituutti.fi\/en\/wp-json\/wp\/v2\/types\/post"}],"author":[{"embeddable":true,"href":"https:\/\/kansanmusiikki-instituutti.fi\/en\/wp-json\/wp\/v2\/users\/3"}],"replies":[{"embeddable":true,"href":"https:\/\/kansanmusiikki-instituutti.fi\/en\/wp-json\/wp\/v2\/comments?post=1981"}],"version-history":[{"count":3,"href":"https:\/\/kansanmusiikki-instituutti.fi\/en\/wp-json\/wp\/v2\/posts\/1981\/revisions"}],"predecessor-version":[{"id":1985,"href":"https:\/\/kansanmusiikki-instituutti.fi\/en\/wp-json\/wp\/v2\/posts\/1981\/revisions\/1985"}],"wp:featuredmedia":[{"embeddable":true,"href":"https:\/\/kansanmusiikki-instituutti.fi\/en\/wp-json\/wp\/v2\/media\/1982"}],"wp:attachment":[{"href":"https:\/\/kansanmusiikki-instituutti.fi\/en\/wp-json\/wp\/v2\/media?parent=1981"}],"wp:term":[{"taxonomy":"category","embeddable":true,"href":"https:\/\/kansanmusiikki-instituutti.fi\/en\/wp-json\/wp\/v2\/categories?post=1981"},{"taxonomy":"post_tag","embeddable":true,"href":"https:\/\/kansanmusiikki-instituutti.fi\/en\/wp-json\/wp\/v2\/tags?post=1981"}],"curies":[{"name":"wp","href":"https:\/\/api.w.org\/{rel}","templated":true}]}}