{"id":1996,"date":"2021-09-15T07:29:46","date_gmt":"2021-09-15T07:29:46","guid":{"rendered":"https:\/\/kansanmusiikki-instituutti.fi\/?p=1996"},"modified":"2021-09-15T07:36:33","modified_gmt":"2021-09-15T07:36:33","slug":"paikannu-pohjoisen-musiikkiperinnon-virtuaalikartalle","status":"publish","type":"post","link":"https:\/\/kansanmusiikki-instituutti.fi\/en\/2021\/09\/15\/paikannu-pohjoisen-musiikkiperinnon-virtuaalikartalle\/","title":{"rendered":"Paikannu pohjoisen musiikkiperinn\u00f6n virtuaalikartalle!"},"content":{"rendered":"<p>ICH North -hankkeessa kehitet\u00e4\u00e4n uusia keinoja ja koulutusta musiikin kulttuuriperinn\u00f6n turvaamiseen Suomen, Ruotsin ja Norjan pohjoisilla alueilla. Yhten\u00e4 hankkeen toimenpiteen\u00e4 luodaan vuorovaikutteinen virtuaalinen kartta alueen musiikkiperinteist\u00e4 ja niit\u00e4 harjoittavista yhteis\u00f6ist\u00e4. Kartoitamme nyt hankealueen musiikkiperinnett\u00e4 yll\u00e4pit\u00e4vi\u00e4 yhteis\u00f6j\u00e4 ja toivomme osallistumista karttahankkeeseen.<\/p>\n\n\n\n<p><strong>Kuka voi osallistua?<\/strong><\/p>\n\n\n\n<p>Unescon aineettoman kulttuuriperinn\u00f6n sopimuksen hengess\u00e4 hankkeeseen voi osallistua mik\u00e4 vain ryhm\u00e4 tai yhteis\u00f6, joka harjoittaa musisointia ja katsoo toimintansa el\u00e4v\u00e4ksi perinn\u00f6ksi, jonka jatkuvuus tulevaisuudessa halutaan turvata. Osallistuja voi olla esimerkiksi yhdistys tai yhtye, mutta sen ei tarvitse olla, vaan se voi olla my\u00f6s muodollisesti j\u00e4rjest\u00e4ytym\u00e4t\u00f6n perinnett\u00e4 harjoittava yhteis\u00f6.<\/p>\n\n\n\n<p>Osallistuvan yhteis\u00f6n tulee p\u00e4\u00e4osin sijaita tai toimia Interreg Pohjoinen \u2011hankealueella, johon Suomesta kuuluvat <strong>Lapin, Pohjois-Pohjanmaan ja Keski-Pohjanmaan<\/strong> maakunnat.<\/p>\n\n\n\n<p><strong>Miten osallistutaan?<\/strong><\/p>\n\n\n\n<p>Toimita meille seuraavat materiaalit:<\/p>\n\n\n\n<ul class=\"wp-block-list\"><li>muutaman lauseen (enint\u00e4\u00e4n 500 merkin) mittainen kuvaus perinteest\u00e4nne: <strong>Mik\u00e4, miten, ketk\u00e4, miss\u00e4<\/strong>, mahdollisesti linkki omille verkkosivuille tms. verkkol\u00e4hteeseen<\/li><li>enint\u00e4\u00e4n kahden minuutin mittainen video, jossa kerrotaan tai kuvataan, <strong>miten perinteenne siirtyy eteenp\u00e4in uusille sukupolville<\/strong>. (Voitte tulkita itse, mit\u00e4 uusi sukupolvi kohdallanne tarkoittaa.)<\/li><li>noin 30 sekunnin mittainen <strong>\u00e4\u00e4nitallenne<\/strong> musiikkiperinnett\u00e4nne, \u00e4\u00e4nt\u00e4 k\u00e4ytet\u00e4\u00e4n karttaohjelmassa kunkin karttapisteen \u201dtunnuss\u00e4velen\u00e4\u201d. Mielell\u00e4\u00e4n trad-musiikkia.<\/li><li>yksi <strong>valokuva<\/strong> k\u00e4yt\u00e4nn\u00f6n tilanteesta, jossa perinnett\u00e4nne harjoitetaan tai siirret\u00e4\u00e4n.<\/li><\/ul>\n\n\n\n<p>Kysy materiaalien k\u00e4ytt\u00f6\u00f6n lupa niiss\u00e4 esiintyvilt\u00e4 henkil\u00f6ilt\u00e4 ja mahdollisten tekij\u00e4noikeuksien omistajilta. Toimita materiaalit <strong>31.10. menness\u00e4<\/strong> osoitteeseen lauri.oino@kaustinen.fi k\u00e4ytt\u00e4en esim. wetransfer- tai filemail- tiedostonsiirtopalvelua.<\/p>\n\n\n\n<p>Teknisi\u00e4 vinkkej\u00e4: Videon kuvaamiseen riitt\u00e4\u00e4 esim. matkapuhelin. Jos mahdollista, sijoita puhelin tai kamera jalustalle tai tue muuten vakaaksi. Kiinnit\u00e4 huomiota erityisesti \u00e4\u00e4nen laatuun: k\u00e4yt\u00e4 erillist\u00e4 mikrofonia, jos mahdollista, ja tarkista, ettei tuulen humina tai muu taustamelu kuulu liiaksi. Jos videolla esiintyy henkil\u00f6 puhumassa, pyri sijoittamaan h\u00e4net taustaa ja ymp\u00e4rist\u00f6\u00e4 kirkkaampaan valoon. Sinun ei tarvitse huolehtia videon tekstitt\u00e4misest\u00e4. Esimerkki\u00e4 voi katsoa jo valmiista kaustislaisen ja saamelaisen perinteen videoista: <a href=\"https:\/\/youtu.be\/D843ZvKg2hA\">https:\/\/youtu.be\/D843ZvKg2hA<\/a>, <a href=\"https:\/\/youtu.be\/C-Dyf3dvt10\">https:\/\/youtu.be\/C-Dyf3dvt10<\/a><\/p>\n\n\n\n<p>ICH North -hankkeen Suomen-osuuden toteuttaa Centria Ammattikorkeakoulu, ja partnerina on Kansanmusiikki-instituutti. Hanke kest\u00e4\u00e4 31.8.2022 asti. Hankkeen rahoittaa EU:n Interreg Pohjoinen -ohjelma. Hankkeen nimi tulee sanoista <em>intangible cultural heritage<\/em>, aineeton kulttuuriperint\u00f6, sek\u00e4 pohjoisesta hankealueesta.<\/p>\n\n\n\n<p>Lis\u00e4tietoja antaa tuottaja Lauri Oino, <a href=\"mailto:lauri.oino@kaustinen.fi\">lauri.oino@kaustinen.fi<\/a>, 050-350 4600.<\/p>","protected":false},"excerpt":{"rendered":"<p>ICH North -hankkeessa kehitet\u00e4\u00e4n uusia keinoja ja koulutusta musiikin kulttuuriperinn\u00f6n turvaamiseen Suomen, Ruotsin ja Norjan pohjoisilla alueilla. Yhten\u00e4 hankkeen toimenpiteen\u00e4 luodaan vuorovaikutteinen virtuaalinen kartta alueen musiikkiperinteist\u00e4 ja niit\u00e4 harjoittavista yhteis\u00f6ist\u00e4. Kartoitamme nyt hankealueen musiikkiperinnett\u00e4 yll\u00e4pit\u00e4vi\u00e4 yhteis\u00f6j\u00e4 ja toivomme osallistumista karttahankkeeseen. Kuka voi osallistua? Unescon aineettoman kulttuuriperinn\u00f6n sopimuksen hengess\u00e4 hankkeeseen voi osallistua mik\u00e4 vain ryhm\u00e4 tai [&hellip;]<\/p>\n","protected":false},"author":3,"featured_media":1999,"comment_status":"closed","ping_status":"open","sticky":false,"template":"","format":"standard","meta":{"_et_pb_use_builder":"off","_et_pb_old_content":"","_et_gb_content_width":"","footnotes":""},"categories":[1],"tags":[],"class_list":["post-1996","post","type-post","status-publish","format-standard","has-post-thumbnail","hentry","category-uncategorized"],"yoast_head":"<!-- This site is optimized with the Yoast SEO plugin v27.0 - https:\/\/yoast.com\/product\/yoast-seo-wordpress\/ -->\n<title>Paikannu pohjoisen musiikkiperinn\u00f6n virtuaalikartalle! - Kansanmusiikki-instituutti<\/title>\n<meta name=\"robots\" content=\"index, follow, max-snippet:-1, max-image-preview:large, max-video-preview:-1\" \/>\n<link rel=\"canonical\" href=\"https:\/\/kansanmusiikki-instituutti.fi\/en\/2021\/09\/15\/paikannu-pohjoisen-musiikkiperinnon-virtuaalikartalle\/\" \/>\n<meta property=\"og:locale\" content=\"en_GB\" \/>\n<meta property=\"og:type\" content=\"article\" \/>\n<meta property=\"og:title\" content=\"Paikannu pohjoisen musiikkiperinn\u00f6n virtuaalikartalle! - Kansanmusiikki-instituutti\" \/>\n<meta property=\"og:description\" content=\"ICH North -hankkeessa kehitet\u00e4\u00e4n uusia keinoja ja koulutusta musiikin kulttuuriperinn\u00f6n turvaamiseen Suomen, Ruotsin ja Norjan pohjoisilla alueilla. Yhten\u00e4 hankkeen toimenpiteen\u00e4 luodaan vuorovaikutteinen virtuaalinen kartta alueen musiikkiperinteist\u00e4 ja niit\u00e4 harjoittavista yhteis\u00f6ist\u00e4. Kartoitamme nyt hankealueen musiikkiperinnett\u00e4 yll\u00e4pit\u00e4vi\u00e4 yhteis\u00f6j\u00e4 ja toivomme osallistumista karttahankkeeseen. Kuka voi osallistua? Unescon aineettoman kulttuuriperinn\u00f6n sopimuksen hengess\u00e4 hankkeeseen voi osallistua mik\u00e4 vain ryhm\u00e4 tai [&hellip;]\" \/>\n<meta property=\"og:url\" content=\"https:\/\/kansanmusiikki-instituutti.fi\/en\/2021\/09\/15\/paikannu-pohjoisen-musiikkiperinnon-virtuaalikartalle\/\" \/>\n<meta property=\"og:site_name\" content=\"Kansanmusiikki-instituutti\" \/>\n<meta property=\"article:published_time\" content=\"2021-09-15T07:29:46+00:00\" \/>\n<meta property=\"article:modified_time\" content=\"2021-09-15T07:36:33+00:00\" \/>\n<meta property=\"og:image\" content=\"https:\/\/kansanmusiikki-instituutti.fi\/wp-content\/uploads\/2021\/09\/orig_16267.jpg\" \/>\n\t<meta property=\"og:image:width\" content=\"1800\" \/>\n\t<meta property=\"og:image:height\" content=\"1202\" \/>\n\t<meta property=\"og:image:type\" content=\"image\/jpeg\" \/>\n<meta name=\"author\" content=\"Lauri\" \/>\n<meta name=\"twitter:card\" content=\"summary_large_image\" \/>\n<meta name=\"twitter:label1\" content=\"Written by\" \/>\n\t<meta name=\"twitter:data1\" content=\"Lauri\" \/>\n\t<meta name=\"twitter:label2\" content=\"Estimated reading time\" \/>\n\t<meta name=\"twitter:data2\" content=\"2 minutes\" \/>\n<script type=\"application\/ld+json\" class=\"yoast-schema-graph\">{\"@context\":\"https:\/\/schema.org\",\"@graph\":[{\"@type\":\"Article\",\"@id\":\"https:\/\/kansanmusiikki-instituutti.fi\/2021\/09\/15\/paikannu-pohjoisen-musiikkiperinnon-virtuaalikartalle\/#article\",\"isPartOf\":{\"@id\":\"https:\/\/kansanmusiikki-instituutti.fi\/2021\/09\/15\/paikannu-pohjoisen-musiikkiperinnon-virtuaalikartalle\/\"},\"author\":{\"name\":\"Lauri\",\"@id\":\"https:\/\/kansanmusiikki-instituutti.fi\/#\/schema\/person\/4aa7ba4a12aa17de1d24ef47d39771c8\"},\"headline\":\"Paikannu pohjoisen musiikkiperinn\u00f6n virtuaalikartalle!\",\"datePublished\":\"2021-09-15T07:29:46+00:00\",\"dateModified\":\"2021-09-15T07:36:33+00:00\",\"mainEntityOfPage\":{\"@id\":\"https:\/\/kansanmusiikki-instituutti.fi\/2021\/09\/15\/paikannu-pohjoisen-musiikkiperinnon-virtuaalikartalle\/\"},\"wordCount\":371,\"image\":{\"@id\":\"https:\/\/kansanmusiikki-instituutti.fi\/2021\/09\/15\/paikannu-pohjoisen-musiikkiperinnon-virtuaalikartalle\/#primaryimage\"},\"thumbnailUrl\":\"https:\/\/kansanmusiikki-instituutti.fi\/wp-content\/uploads\/2021\/09\/orig_16267.jpg\",\"articleSection\":[\"Uncategorized\"],\"inLanguage\":\"en-GB\"},{\"@type\":\"WebPage\",\"@id\":\"https:\/\/kansanmusiikki-instituutti.fi\/2021\/09\/15\/paikannu-pohjoisen-musiikkiperinnon-virtuaalikartalle\/\",\"url\":\"https:\/\/kansanmusiikki-instituutti.fi\/2021\/09\/15\/paikannu-pohjoisen-musiikkiperinnon-virtuaalikartalle\/\",\"name\":\"Paikannu pohjoisen musiikkiperinn\u00f6n virtuaalikartalle! - Kansanmusiikki-instituutti\",\"isPartOf\":{\"@id\":\"https:\/\/kansanmusiikki-instituutti.fi\/#website\"},\"primaryImageOfPage\":{\"@id\":\"https:\/\/kansanmusiikki-instituutti.fi\/2021\/09\/15\/paikannu-pohjoisen-musiikkiperinnon-virtuaalikartalle\/#primaryimage\"},\"image\":{\"@id\":\"https:\/\/kansanmusiikki-instituutti.fi\/2021\/09\/15\/paikannu-pohjoisen-musiikkiperinnon-virtuaalikartalle\/#primaryimage\"},\"thumbnailUrl\":\"https:\/\/kansanmusiikki-instituutti.fi\/wp-content\/uploads\/2021\/09\/orig_16267.jpg\",\"datePublished\":\"2021-09-15T07:29:46+00:00\",\"dateModified\":\"2021-09-15T07:36:33+00:00\",\"author\":{\"@id\":\"https:\/\/kansanmusiikki-instituutti.fi\/#\/schema\/person\/4aa7ba4a12aa17de1d24ef47d39771c8\"},\"breadcrumb\":{\"@id\":\"https:\/\/kansanmusiikki-instituutti.fi\/2021\/09\/15\/paikannu-pohjoisen-musiikkiperinnon-virtuaalikartalle\/#breadcrumb\"},\"inLanguage\":\"en-GB\",\"potentialAction\":[{\"@type\":\"ReadAction\",\"target\":[\"https:\/\/kansanmusiikki-instituutti.fi\/2021\/09\/15\/paikannu-pohjoisen-musiikkiperinnon-virtuaalikartalle\/\"]}]},{\"@type\":\"ImageObject\",\"inLanguage\":\"en-GB\",\"@id\":\"https:\/\/kansanmusiikki-instituutti.fi\/2021\/09\/15\/paikannu-pohjoisen-musiikkiperinnon-virtuaalikartalle\/#primaryimage\",\"url\":\"https:\/\/kansanmusiikki-instituutti.fi\/wp-content\/uploads\/2021\/09\/orig_16267.jpg\",\"contentUrl\":\"https:\/\/kansanmusiikki-instituutti.fi\/wp-content\/uploads\/2021\/09\/orig_16267.jpg\",\"width\":1800,\"height\":1202,\"caption\":\"K\u00f6yh\u00e4joen pelimannit harjoittelemassa K\u00f6yh\u00e4joen M\u00e4ntymajalla.\"},{\"@type\":\"BreadcrumbList\",\"@id\":\"https:\/\/kansanmusiikki-instituutti.fi\/2021\/09\/15\/paikannu-pohjoisen-musiikkiperinnon-virtuaalikartalle\/#breadcrumb\",\"itemListElement\":[{\"@type\":\"ListItem\",\"position\":1,\"name\":\"Home\",\"item\":\"https:\/\/kansanmusiikki-instituutti.fi\/\"},{\"@type\":\"ListItem\",\"position\":2,\"name\":\"Paikannu pohjoisen musiikkiperinn\u00f6n virtuaalikartalle!\"}]},{\"@type\":\"WebSite\",\"@id\":\"https:\/\/kansanmusiikki-instituutti.fi\/#website\",\"url\":\"https:\/\/kansanmusiikki-instituutti.fi\/\",\"name\":\"Kansanmusiikki-instituutti\",\"description\":\"Finnish Folk Music Institute\",\"potentialAction\":[{\"@type\":\"SearchAction\",\"target\":{\"@type\":\"EntryPoint\",\"urlTemplate\":\"https:\/\/kansanmusiikki-instituutti.fi\/?s={search_term_string}\"},\"query-input\":{\"@type\":\"PropertyValueSpecification\",\"valueRequired\":true,\"valueName\":\"search_term_string\"}}],\"inLanguage\":\"en-GB\"},{\"@type\":\"Person\",\"@id\":\"https:\/\/kansanmusiikki-instituutti.fi\/#\/schema\/person\/4aa7ba4a12aa17de1d24ef47d39771c8\",\"name\":\"Lauri\",\"image\":{\"@type\":\"ImageObject\",\"inLanguage\":\"en-GB\",\"@id\":\"https:\/\/kansanmusiikki-instituutti.fi\/#\/schema\/person\/image\/\",\"url\":\"https:\/\/secure.gravatar.com\/avatar\/b16797c3886605198ad20c0d234781097185f061211a69f0f0e8c5382db1b8e0?s=96&d=mm&r=g\",\"contentUrl\":\"https:\/\/secure.gravatar.com\/avatar\/b16797c3886605198ad20c0d234781097185f061211a69f0f0e8c5382db1b8e0?s=96&d=mm&r=g\",\"caption\":\"Lauri\"},\"url\":\"https:\/\/kansanmusiikki-instituutti.fi\/en\/author\/lauri\/\"}]}<\/script>\n<!-- \/ Yoast SEO plugin. -->","yoast_head_json":{"title":"Paikannu pohjoisen musiikkiperinn\u00f6n virtuaalikartalle! - Kansanmusiikki-instituutti","robots":{"index":"index","follow":"follow","max-snippet":"max-snippet:-1","max-image-preview":"max-image-preview:large","max-video-preview":"max-video-preview:-1"},"canonical":"https:\/\/kansanmusiikki-instituutti.fi\/en\/2021\/09\/15\/paikannu-pohjoisen-musiikkiperinnon-virtuaalikartalle\/","og_locale":"en_GB","og_type":"article","og_title":"Paikannu pohjoisen musiikkiperinn\u00f6n virtuaalikartalle! - Kansanmusiikki-instituutti","og_description":"ICH North -hankkeessa kehitet\u00e4\u00e4n uusia keinoja ja koulutusta musiikin kulttuuriperinn\u00f6n turvaamiseen Suomen, Ruotsin ja Norjan pohjoisilla alueilla. Yhten\u00e4 hankkeen toimenpiteen\u00e4 luodaan vuorovaikutteinen virtuaalinen kartta alueen musiikkiperinteist\u00e4 ja niit\u00e4 harjoittavista yhteis\u00f6ist\u00e4. Kartoitamme nyt hankealueen musiikkiperinnett\u00e4 yll\u00e4pit\u00e4vi\u00e4 yhteis\u00f6j\u00e4 ja toivomme osallistumista karttahankkeeseen. Kuka voi osallistua? Unescon aineettoman kulttuuriperinn\u00f6n sopimuksen hengess\u00e4 hankkeeseen voi osallistua mik\u00e4 vain ryhm\u00e4 tai [&hellip;]","og_url":"https:\/\/kansanmusiikki-instituutti.fi\/en\/2021\/09\/15\/paikannu-pohjoisen-musiikkiperinnon-virtuaalikartalle\/","og_site_name":"Kansanmusiikki-instituutti","article_published_time":"2021-09-15T07:29:46+00:00","article_modified_time":"2021-09-15T07:36:33+00:00","og_image":[{"width":1800,"height":1202,"url":"https:\/\/kansanmusiikki-instituutti.fi\/wp-content\/uploads\/2021\/09\/orig_16267.jpg","type":"image\/jpeg"}],"author":"Lauri","twitter_card":"summary_large_image","twitter_misc":{"Written by":"Lauri","Estimated reading time":"2 minutes"},"schema":{"@context":"https:\/\/schema.org","@graph":[{"@type":"Article","@id":"https:\/\/kansanmusiikki-instituutti.fi\/2021\/09\/15\/paikannu-pohjoisen-musiikkiperinnon-virtuaalikartalle\/#article","isPartOf":{"@id":"https:\/\/kansanmusiikki-instituutti.fi\/2021\/09\/15\/paikannu-pohjoisen-musiikkiperinnon-virtuaalikartalle\/"},"author":{"name":"Lauri","@id":"https:\/\/kansanmusiikki-instituutti.fi\/#\/schema\/person\/4aa7ba4a12aa17de1d24ef47d39771c8"},"headline":"Paikannu pohjoisen musiikkiperinn\u00f6n virtuaalikartalle!","datePublished":"2021-09-15T07:29:46+00:00","dateModified":"2021-09-15T07:36:33+00:00","mainEntityOfPage":{"@id":"https:\/\/kansanmusiikki-instituutti.fi\/2021\/09\/15\/paikannu-pohjoisen-musiikkiperinnon-virtuaalikartalle\/"},"wordCount":371,"image":{"@id":"https:\/\/kansanmusiikki-instituutti.fi\/2021\/09\/15\/paikannu-pohjoisen-musiikkiperinnon-virtuaalikartalle\/#primaryimage"},"thumbnailUrl":"https:\/\/kansanmusiikki-instituutti.fi\/wp-content\/uploads\/2021\/09\/orig_16267.jpg","articleSection":["Uncategorized"],"inLanguage":"en-GB"},{"@type":"WebPage","@id":"https:\/\/kansanmusiikki-instituutti.fi\/2021\/09\/15\/paikannu-pohjoisen-musiikkiperinnon-virtuaalikartalle\/","url":"https:\/\/kansanmusiikki-instituutti.fi\/2021\/09\/15\/paikannu-pohjoisen-musiikkiperinnon-virtuaalikartalle\/","name":"Paikannu pohjoisen musiikkiperinn\u00f6n virtuaalikartalle! - Kansanmusiikki-instituutti","isPartOf":{"@id":"https:\/\/kansanmusiikki-instituutti.fi\/#website"},"primaryImageOfPage":{"@id":"https:\/\/kansanmusiikki-instituutti.fi\/2021\/09\/15\/paikannu-pohjoisen-musiikkiperinnon-virtuaalikartalle\/#primaryimage"},"image":{"@id":"https:\/\/kansanmusiikki-instituutti.fi\/2021\/09\/15\/paikannu-pohjoisen-musiikkiperinnon-virtuaalikartalle\/#primaryimage"},"thumbnailUrl":"https:\/\/kansanmusiikki-instituutti.fi\/wp-content\/uploads\/2021\/09\/orig_16267.jpg","datePublished":"2021-09-15T07:29:46+00:00","dateModified":"2021-09-15T07:36:33+00:00","author":{"@id":"https:\/\/kansanmusiikki-instituutti.fi\/#\/schema\/person\/4aa7ba4a12aa17de1d24ef47d39771c8"},"breadcrumb":{"@id":"https:\/\/kansanmusiikki-instituutti.fi\/2021\/09\/15\/paikannu-pohjoisen-musiikkiperinnon-virtuaalikartalle\/#breadcrumb"},"inLanguage":"en-GB","potentialAction":[{"@type":"ReadAction","target":["https:\/\/kansanmusiikki-instituutti.fi\/2021\/09\/15\/paikannu-pohjoisen-musiikkiperinnon-virtuaalikartalle\/"]}]},{"@type":"ImageObject","inLanguage":"en-GB","@id":"https:\/\/kansanmusiikki-instituutti.fi\/2021\/09\/15\/paikannu-pohjoisen-musiikkiperinnon-virtuaalikartalle\/#primaryimage","url":"https:\/\/kansanmusiikki-instituutti.fi\/wp-content\/uploads\/2021\/09\/orig_16267.jpg","contentUrl":"https:\/\/kansanmusiikki-instituutti.fi\/wp-content\/uploads\/2021\/09\/orig_16267.jpg","width":1800,"height":1202,"caption":"K\u00f6yh\u00e4joen pelimannit harjoittelemassa K\u00f6yh\u00e4joen M\u00e4ntymajalla."},{"@type":"BreadcrumbList","@id":"https:\/\/kansanmusiikki-instituutti.fi\/2021\/09\/15\/paikannu-pohjoisen-musiikkiperinnon-virtuaalikartalle\/#breadcrumb","itemListElement":[{"@type":"ListItem","position":1,"name":"Home","item":"https:\/\/kansanmusiikki-instituutti.fi\/"},{"@type":"ListItem","position":2,"name":"Paikannu pohjoisen musiikkiperinn\u00f6n virtuaalikartalle!"}]},{"@type":"WebSite","@id":"https:\/\/kansanmusiikki-instituutti.fi\/#website","url":"https:\/\/kansanmusiikki-instituutti.fi\/","name":"The Finnish Folk Music Institute","description":"Finnish Folk Music Institute","potentialAction":[{"@type":"SearchAction","target":{"@type":"EntryPoint","urlTemplate":"https:\/\/kansanmusiikki-instituutti.fi\/?s={search_term_string}"},"query-input":{"@type":"PropertyValueSpecification","valueRequired":true,"valueName":"search_term_string"}}],"inLanguage":"en-GB"},{"@type":"Person","@id":"https:\/\/kansanmusiikki-instituutti.fi\/#\/schema\/person\/4aa7ba4a12aa17de1d24ef47d39771c8","name":"Lauri","image":{"@type":"ImageObject","inLanguage":"en-GB","@id":"https:\/\/kansanmusiikki-instituutti.fi\/#\/schema\/person\/image\/","url":"https:\/\/secure.gravatar.com\/avatar\/b16797c3886605198ad20c0d234781097185f061211a69f0f0e8c5382db1b8e0?s=96&d=mm&r=g","contentUrl":"https:\/\/secure.gravatar.com\/avatar\/b16797c3886605198ad20c0d234781097185f061211a69f0f0e8c5382db1b8e0?s=96&d=mm&r=g","caption":"Lauri"},"url":"https:\/\/kansanmusiikki-instituutti.fi\/en\/author\/lauri\/"}]}},"_links":{"self":[{"href":"https:\/\/kansanmusiikki-instituutti.fi\/en\/wp-json\/wp\/v2\/posts\/1996","targetHints":{"allow":["GET"]}}],"collection":[{"href":"https:\/\/kansanmusiikki-instituutti.fi\/en\/wp-json\/wp\/v2\/posts"}],"about":[{"href":"https:\/\/kansanmusiikki-instituutti.fi\/en\/wp-json\/wp\/v2\/types\/post"}],"author":[{"embeddable":true,"href":"https:\/\/kansanmusiikki-instituutti.fi\/en\/wp-json\/wp\/v2\/users\/3"}],"replies":[{"embeddable":true,"href":"https:\/\/kansanmusiikki-instituutti.fi\/en\/wp-json\/wp\/v2\/comments?post=1996"}],"version-history":[{"count":3,"href":"https:\/\/kansanmusiikki-instituutti.fi\/en\/wp-json\/wp\/v2\/posts\/1996\/revisions"}],"predecessor-version":[{"id":2001,"href":"https:\/\/kansanmusiikki-instituutti.fi\/en\/wp-json\/wp\/v2\/posts\/1996\/revisions\/2001"}],"wp:featuredmedia":[{"embeddable":true,"href":"https:\/\/kansanmusiikki-instituutti.fi\/en\/wp-json\/wp\/v2\/media\/1999"}],"wp:attachment":[{"href":"https:\/\/kansanmusiikki-instituutti.fi\/en\/wp-json\/wp\/v2\/media?parent=1996"}],"wp:term":[{"taxonomy":"category","embeddable":true,"href":"https:\/\/kansanmusiikki-instituutti.fi\/en\/wp-json\/wp\/v2\/categories?post=1996"},{"taxonomy":"post_tag","embeddable":true,"href":"https:\/\/kansanmusiikki-instituutti.fi\/en\/wp-json\/wp\/v2\/tags?post=1996"}],"curies":[{"name":"wp","href":"https:\/\/api.w.org\/{rel}","templated":true}]}}