{"id":2215,"date":"2022-09-06T12:29:51","date_gmt":"2022-09-06T12:29:51","guid":{"rendered":"https:\/\/kansanmusiikki-instituutti.fi\/?p=2215"},"modified":"2022-09-06T13:09:30","modified_gmt":"2022-09-06T13:09:30","slug":"vaihto-ohjelmassa-jaettiin-aineettoman-kulttuuriperinnon-osaamista-ich-capacities-were-shared-in-an-exchange-program","status":"publish","type":"post","link":"https:\/\/kansanmusiikki-instituutti.fi\/en\/2022\/09\/06\/vaihto-ohjelmassa-jaettiin-aineettoman-kulttuuriperinnon-osaamista-ich-capacities-were-shared-in-an-exchange-program\/","title":{"rendered":"Vaihto-ohjelmassa jaettiin aineettoman kulttuuriperinn\u00f6n osaamista \/ ICH capacities were shared in an exchange program"},"content":{"rendered":"<p><\/p>\n\n\n\n<p>Hein\u00e4kuun lopussa p\u00e4\u00e4ttynyt Pohjoismais-baltialaisen aineettoman kulttuuriperinn\u00f6n verkoston vaihto-ohjelma vei verkoston j\u00e4seni\u00e4 vierailuille alueen organisaatioihin ja yhteis\u00f6ihin. Ohjelman tavoitteena oli jakaa hyvi\u00e4 k\u00e4yt\u00e4nteit\u00e4 yhteis\u00f6jen osallistamisesta aineettoman kulttuuriperinn\u00f6n suojeluun. Vierailijoita ja kohteita oli viidest\u00e4 maassa niin k\u00e4sity\u00f6n, musiikin, kalastuksen kuin monelta muultakin el\u00e4v\u00e4n perinn\u00f6n alueelta. Vaihtokokemukset on koottu tiiviiksi raporteiksi ja videoiksi Safeguardingpractices-sivustolle: <a href=\"https:\/\/safeguardingpractices.com\/good-practice\/exchange-programme-for-sharing-nordic-baltic-experiences\/\">https:\/\/safeguardingpractices.com\/good-practice\/exchange-programme-for-sharing-nordic-baltic-experiences\/<\/a>.<\/p>\n\n\n\n<p>Ohjelma toteutettiin 1.1.2021\u201330.7.2022 Kansanmusiikki-instituutti hallinnoimana ja Pohjoismaisen Kulttuuripisteen rahoituksella.<\/p>\n\n\n\n<p>Kuva: Riikka Walta vieraili tutustumassa Viron Kihnun saaren k\u00e4sity\u00f6perinteeseen huhtikuussa 2022.<\/p>\n\n\n\n<p><\/p>\n\n\n\n<p>The exchange program for the Nordic and Baltic Network on Intangible Cultural heritage, terminated in July, took members of the network to visits to ICH organisations and communities of the region. The main objective of the programme was to share good practices on community involvement in safeguarding ICH.&nbsp; Visitors and hosts from five countries included craft, music, fishing and many other domains of living traditions. The reports with videos on the exhange visits can be found in Safeguarding Practices webpage:<br><a href=\"https:\/\/safeguardingpractices.com\/good-practice\/exchange-programme-for-sharing-nordic-baltic-experiences\/\">https:\/\/safeguardingpractices.com\/good-practice\/exchange-programme-for-sharing-nordic-baltic-experiences\/<\/a><\/p>\n\n\n\n<p>The exchange program was executed 1.1.2021\u201330.7.2022 with Finnish Folk Music Institute as the administrator and with funding from Nordic Culture Point.<br><br>Photo: Riikka Walta visited Kihnu Knitting festival in April 2022.<\/p>","protected":false},"excerpt":{"rendered":"<p>Hein\u00e4kuun lopussa p\u00e4\u00e4ttynyt Pohjoismais-baltialaisen aineettoman kulttuuriperinn\u00f6n verkoston vaihto-ohjelma vei verkoston j\u00e4seni\u00e4 vierailuille alueen organisaatioihin ja yhteis\u00f6ihin. Ohjelman tavoitteena oli jakaa hyvi\u00e4 k\u00e4yt\u00e4nteit\u00e4 yhteis\u00f6jen osallistamisesta aineettoman kulttuuriperinn\u00f6n suojeluun. Vierailijoita ja kohteita oli viidest\u00e4 maassa niin k\u00e4sity\u00f6n, musiikin, kalastuksen kuin monelta muultakin el\u00e4v\u00e4n perinn\u00f6n alueelta. Vaihtokokemukset on koottu tiiviiksi raporteiksi ja videoiksi Safeguardingpractices-sivustolle: https:\/\/safeguardingpractices.com\/good-practice\/exchange-programme-for-sharing-nordic-baltic-experiences\/. Ohjelma toteutettiin 1.1.2021\u201330.7.2022 [&hellip;]<\/p>\n","protected":false},"author":3,"featured_media":2216,"comment_status":"closed","ping_status":"open","sticky":false,"template":"","format":"standard","meta":{"_et_pb_use_builder":"","_et_pb_old_content":"","_et_gb_content_width":"","footnotes":""},"categories":[1],"tags":[],"class_list":["post-2215","post","type-post","status-publish","format-standard","has-post-thumbnail","hentry","category-uncategorized"],"yoast_head":"<!-- This site is optimized with the Yoast SEO plugin v27.0 - https:\/\/yoast.com\/product\/yoast-seo-wordpress\/ -->\n<title>Vaihto-ohjelmassa jaettiin aineettoman kulttuuriperinn\u00f6n osaamista \/ ICH capacities were shared in an exchange program - Kansanmusiikki-instituutti<\/title>\n<meta name=\"robots\" content=\"index, follow, max-snippet:-1, max-image-preview:large, max-video-preview:-1\" \/>\n<link rel=\"canonical\" href=\"https:\/\/kansanmusiikki-instituutti.fi\/en\/2022\/09\/06\/vaihto-ohjelmassa-jaettiin-aineettoman-kulttuuriperinnon-osaamista-ich-capacities-were-shared-in-an-exchange-program\/\" \/>\n<meta property=\"og:locale\" content=\"en_GB\" \/>\n<meta property=\"og:type\" content=\"article\" \/>\n<meta property=\"og:title\" content=\"Vaihto-ohjelmassa jaettiin aineettoman kulttuuriperinn\u00f6n osaamista \/ ICH capacities were shared in an exchange program - Kansanmusiikki-instituutti\" \/>\n<meta property=\"og:description\" content=\"Hein\u00e4kuun lopussa p\u00e4\u00e4ttynyt Pohjoismais-baltialaisen aineettoman kulttuuriperinn\u00f6n verkoston vaihto-ohjelma vei verkoston j\u00e4seni\u00e4 vierailuille alueen organisaatioihin ja yhteis\u00f6ihin. Ohjelman tavoitteena oli jakaa hyvi\u00e4 k\u00e4yt\u00e4nteit\u00e4 yhteis\u00f6jen osallistamisesta aineettoman kulttuuriperinn\u00f6n suojeluun. Vierailijoita ja kohteita oli viidest\u00e4 maassa niin k\u00e4sity\u00f6n, musiikin, kalastuksen kuin monelta muultakin el\u00e4v\u00e4n perinn\u00f6n alueelta. Vaihtokokemukset on koottu tiiviiksi raporteiksi ja videoiksi Safeguardingpractices-sivustolle: https:\/\/safeguardingpractices.com\/good-practice\/exchange-programme-for-sharing-nordic-baltic-experiences\/. Ohjelma toteutettiin 1.1.2021\u201330.7.2022 [&hellip;]\" \/>\n<meta property=\"og:url\" content=\"https:\/\/kansanmusiikki-instituutti.fi\/en\/2022\/09\/06\/vaihto-ohjelmassa-jaettiin-aineettoman-kulttuuriperinnon-osaamista-ich-capacities-were-shared-in-an-exchange-program\/\" \/>\n<meta property=\"og:site_name\" content=\"Kansanmusiikki-instituutti\" \/>\n<meta property=\"article:published_time\" content=\"2022-09-06T12:29:51+00:00\" \/>\n<meta property=\"article:modified_time\" content=\"2022-09-06T13:09:30+00:00\" \/>\n<meta property=\"og:image\" content=\"https:\/\/kansanmusiikki-instituutti.fi\/wp-content\/uploads\/2022\/09\/lr_20220424_131309.jpg\" \/>\n\t<meta property=\"og:image:width\" content=\"1800\" \/>\n\t<meta property=\"og:image:height\" content=\"1350\" \/>\n\t<meta property=\"og:image:type\" content=\"image\/jpeg\" \/>\n<meta name=\"author\" content=\"Lauri\" \/>\n<meta name=\"twitter:card\" content=\"summary_large_image\" \/>\n<meta name=\"twitter:label1\" content=\"Written by\" \/>\n\t<meta name=\"twitter:data1\" content=\"Lauri\" \/>\n\t<meta name=\"twitter:label2\" content=\"Estimated reading time\" \/>\n\t<meta name=\"twitter:data2\" content=\"1 minute\" \/>\n<script type=\"application\/ld+json\" class=\"yoast-schema-graph\">{\"@context\":\"https:\/\/schema.org\",\"@graph\":[{\"@type\":\"Article\",\"@id\":\"https:\/\/kansanmusiikki-instituutti.fi\/2022\/09\/06\/vaihto-ohjelmassa-jaettiin-aineettoman-kulttuuriperinnon-osaamista-ich-capacities-were-shared-in-an-exchange-program\/#article\",\"isPartOf\":{\"@id\":\"https:\/\/kansanmusiikki-instituutti.fi\/2022\/09\/06\/vaihto-ohjelmassa-jaettiin-aineettoman-kulttuuriperinnon-osaamista-ich-capacities-were-shared-in-an-exchange-program\/\"},\"author\":{\"name\":\"Lauri\",\"@id\":\"https:\/\/kansanmusiikki-instituutti.fi\/#\/schema\/person\/4aa7ba4a12aa17de1d24ef47d39771c8\"},\"headline\":\"Vaihto-ohjelmassa jaettiin aineettoman kulttuuriperinn\u00f6n osaamista \/ ICH capacities were shared in an exchange program\",\"datePublished\":\"2022-09-06T12:29:51+00:00\",\"dateModified\":\"2022-09-06T13:09:30+00:00\",\"mainEntityOfPage\":{\"@id\":\"https:\/\/kansanmusiikki-instituutti.fi\/2022\/09\/06\/vaihto-ohjelmassa-jaettiin-aineettoman-kulttuuriperinnon-osaamista-ich-capacities-were-shared-in-an-exchange-program\/\"},\"wordCount\":219,\"image\":{\"@id\":\"https:\/\/kansanmusiikki-instituutti.fi\/2022\/09\/06\/vaihto-ohjelmassa-jaettiin-aineettoman-kulttuuriperinnon-osaamista-ich-capacities-were-shared-in-an-exchange-program\/#primaryimage\"},\"thumbnailUrl\":\"https:\/\/kansanmusiikki-instituutti.fi\/wp-content\/uploads\/2022\/09\/lr_20220424_131309.jpg\",\"articleSection\":[\"Uncategorized\"],\"inLanguage\":\"en-GB\"},{\"@type\":\"WebPage\",\"@id\":\"https:\/\/kansanmusiikki-instituutti.fi\/2022\/09\/06\/vaihto-ohjelmassa-jaettiin-aineettoman-kulttuuriperinnon-osaamista-ich-capacities-were-shared-in-an-exchange-program\/\",\"url\":\"https:\/\/kansanmusiikki-instituutti.fi\/2022\/09\/06\/vaihto-ohjelmassa-jaettiin-aineettoman-kulttuuriperinnon-osaamista-ich-capacities-were-shared-in-an-exchange-program\/\",\"name\":\"Vaihto-ohjelmassa jaettiin aineettoman kulttuuriperinn\u00f6n osaamista \/ ICH capacities were shared in an exchange program - Kansanmusiikki-instituutti\",\"isPartOf\":{\"@id\":\"https:\/\/kansanmusiikki-instituutti.fi\/#website\"},\"primaryImageOfPage\":{\"@id\":\"https:\/\/kansanmusiikki-instituutti.fi\/2022\/09\/06\/vaihto-ohjelmassa-jaettiin-aineettoman-kulttuuriperinnon-osaamista-ich-capacities-were-shared-in-an-exchange-program\/#primaryimage\"},\"image\":{\"@id\":\"https:\/\/kansanmusiikki-instituutti.fi\/2022\/09\/06\/vaihto-ohjelmassa-jaettiin-aineettoman-kulttuuriperinnon-osaamista-ich-capacities-were-shared-in-an-exchange-program\/#primaryimage\"},\"thumbnailUrl\":\"https:\/\/kansanmusiikki-instituutti.fi\/wp-content\/uploads\/2022\/09\/lr_20220424_131309.jpg\",\"datePublished\":\"2022-09-06T12:29:51+00:00\",\"dateModified\":\"2022-09-06T13:09:30+00:00\",\"author\":{\"@id\":\"https:\/\/kansanmusiikki-instituutti.fi\/#\/schema\/person\/4aa7ba4a12aa17de1d24ef47d39771c8\"},\"breadcrumb\":{\"@id\":\"https:\/\/kansanmusiikki-instituutti.fi\/2022\/09\/06\/vaihto-ohjelmassa-jaettiin-aineettoman-kulttuuriperinnon-osaamista-ich-capacities-were-shared-in-an-exchange-program\/#breadcrumb\"},\"inLanguage\":\"en-GB\",\"potentialAction\":[{\"@type\":\"ReadAction\",\"target\":[\"https:\/\/kansanmusiikki-instituutti.fi\/2022\/09\/06\/vaihto-ohjelmassa-jaettiin-aineettoman-kulttuuriperinnon-osaamista-ich-capacities-were-shared-in-an-exchange-program\/\"]}]},{\"@type\":\"ImageObject\",\"inLanguage\":\"en-GB\",\"@id\":\"https:\/\/kansanmusiikki-instituutti.fi\/2022\/09\/06\/vaihto-ohjelmassa-jaettiin-aineettoman-kulttuuriperinnon-osaamista-ich-capacities-were-shared-in-an-exchange-program\/#primaryimage\",\"url\":\"https:\/\/kansanmusiikki-instituutti.fi\/wp-content\/uploads\/2022\/09\/lr_20220424_131309.jpg\",\"contentUrl\":\"https:\/\/kansanmusiikki-instituutti.fi\/wp-content\/uploads\/2022\/09\/lr_20220424_131309.jpg\",\"width\":1800,\"height\":1350},{\"@type\":\"BreadcrumbList\",\"@id\":\"https:\/\/kansanmusiikki-instituutti.fi\/2022\/09\/06\/vaihto-ohjelmassa-jaettiin-aineettoman-kulttuuriperinnon-osaamista-ich-capacities-were-shared-in-an-exchange-program\/#breadcrumb\",\"itemListElement\":[{\"@type\":\"ListItem\",\"position\":1,\"name\":\"Home\",\"item\":\"https:\/\/kansanmusiikki-instituutti.fi\/\"},{\"@type\":\"ListItem\",\"position\":2,\"name\":\"Vaihto-ohjelmassa jaettiin aineettoman kulttuuriperinn\u00f6n osaamista \/ ICH capacities were shared in an exchange program\"}]},{\"@type\":\"WebSite\",\"@id\":\"https:\/\/kansanmusiikki-instituutti.fi\/#website\",\"url\":\"https:\/\/kansanmusiikki-instituutti.fi\/\",\"name\":\"Kansanmusiikki-instituutti\",\"description\":\"Finnish Folk Music Institute\",\"potentialAction\":[{\"@type\":\"SearchAction\",\"target\":{\"@type\":\"EntryPoint\",\"urlTemplate\":\"https:\/\/kansanmusiikki-instituutti.fi\/?s={search_term_string}\"},\"query-input\":{\"@type\":\"PropertyValueSpecification\",\"valueRequired\":true,\"valueName\":\"search_term_string\"}}],\"inLanguage\":\"en-GB\"},{\"@type\":\"Person\",\"@id\":\"https:\/\/kansanmusiikki-instituutti.fi\/#\/schema\/person\/4aa7ba4a12aa17de1d24ef47d39771c8\",\"name\":\"Lauri\",\"image\":{\"@type\":\"ImageObject\",\"inLanguage\":\"en-GB\",\"@id\":\"https:\/\/kansanmusiikki-instituutti.fi\/#\/schema\/person\/image\/\",\"url\":\"https:\/\/secure.gravatar.com\/avatar\/b16797c3886605198ad20c0d234781097185f061211a69f0f0e8c5382db1b8e0?s=96&d=mm&r=g\",\"contentUrl\":\"https:\/\/secure.gravatar.com\/avatar\/b16797c3886605198ad20c0d234781097185f061211a69f0f0e8c5382db1b8e0?s=96&d=mm&r=g\",\"caption\":\"Lauri\"},\"url\":\"https:\/\/kansanmusiikki-instituutti.fi\/en\/author\/lauri\/\"}]}<\/script>\n<!-- \/ Yoast SEO plugin. -->","yoast_head_json":{"title":"Vaihto-ohjelmassa jaettiin aineettoman kulttuuriperinn\u00f6n osaamista \/ ICH capacities were shared in an exchange program - Kansanmusiikki-instituutti","robots":{"index":"index","follow":"follow","max-snippet":"max-snippet:-1","max-image-preview":"max-image-preview:large","max-video-preview":"max-video-preview:-1"},"canonical":"https:\/\/kansanmusiikki-instituutti.fi\/en\/2022\/09\/06\/vaihto-ohjelmassa-jaettiin-aineettoman-kulttuuriperinnon-osaamista-ich-capacities-were-shared-in-an-exchange-program\/","og_locale":"en_GB","og_type":"article","og_title":"Vaihto-ohjelmassa jaettiin aineettoman kulttuuriperinn\u00f6n osaamista \/ ICH capacities were shared in an exchange program - Kansanmusiikki-instituutti","og_description":"Hein\u00e4kuun lopussa p\u00e4\u00e4ttynyt Pohjoismais-baltialaisen aineettoman kulttuuriperinn\u00f6n verkoston vaihto-ohjelma vei verkoston j\u00e4seni\u00e4 vierailuille alueen organisaatioihin ja yhteis\u00f6ihin. Ohjelman tavoitteena oli jakaa hyvi\u00e4 k\u00e4yt\u00e4nteit\u00e4 yhteis\u00f6jen osallistamisesta aineettoman kulttuuriperinn\u00f6n suojeluun. Vierailijoita ja kohteita oli viidest\u00e4 maassa niin k\u00e4sity\u00f6n, musiikin, kalastuksen kuin monelta muultakin el\u00e4v\u00e4n perinn\u00f6n alueelta. Vaihtokokemukset on koottu tiiviiksi raporteiksi ja videoiksi Safeguardingpractices-sivustolle: https:\/\/safeguardingpractices.com\/good-practice\/exchange-programme-for-sharing-nordic-baltic-experiences\/. Ohjelma toteutettiin 1.1.2021\u201330.7.2022 [&hellip;]","og_url":"https:\/\/kansanmusiikki-instituutti.fi\/en\/2022\/09\/06\/vaihto-ohjelmassa-jaettiin-aineettoman-kulttuuriperinnon-osaamista-ich-capacities-were-shared-in-an-exchange-program\/","og_site_name":"Kansanmusiikki-instituutti","article_published_time":"2022-09-06T12:29:51+00:00","article_modified_time":"2022-09-06T13:09:30+00:00","og_image":[{"width":1800,"height":1350,"url":"https:\/\/kansanmusiikki-instituutti.fi\/wp-content\/uploads\/2022\/09\/lr_20220424_131309.jpg","type":"image\/jpeg"}],"author":"Lauri","twitter_card":"summary_large_image","twitter_misc":{"Written by":"Lauri","Estimated reading time":"1 minute"},"schema":{"@context":"https:\/\/schema.org","@graph":[{"@type":"Article","@id":"https:\/\/kansanmusiikki-instituutti.fi\/2022\/09\/06\/vaihto-ohjelmassa-jaettiin-aineettoman-kulttuuriperinnon-osaamista-ich-capacities-were-shared-in-an-exchange-program\/#article","isPartOf":{"@id":"https:\/\/kansanmusiikki-instituutti.fi\/2022\/09\/06\/vaihto-ohjelmassa-jaettiin-aineettoman-kulttuuriperinnon-osaamista-ich-capacities-were-shared-in-an-exchange-program\/"},"author":{"name":"Lauri","@id":"https:\/\/kansanmusiikki-instituutti.fi\/#\/schema\/person\/4aa7ba4a12aa17de1d24ef47d39771c8"},"headline":"Vaihto-ohjelmassa jaettiin aineettoman kulttuuriperinn\u00f6n osaamista \/ ICH capacities were shared in an exchange program","datePublished":"2022-09-06T12:29:51+00:00","dateModified":"2022-09-06T13:09:30+00:00","mainEntityOfPage":{"@id":"https:\/\/kansanmusiikki-instituutti.fi\/2022\/09\/06\/vaihto-ohjelmassa-jaettiin-aineettoman-kulttuuriperinnon-osaamista-ich-capacities-were-shared-in-an-exchange-program\/"},"wordCount":219,"image":{"@id":"https:\/\/kansanmusiikki-instituutti.fi\/2022\/09\/06\/vaihto-ohjelmassa-jaettiin-aineettoman-kulttuuriperinnon-osaamista-ich-capacities-were-shared-in-an-exchange-program\/#primaryimage"},"thumbnailUrl":"https:\/\/kansanmusiikki-instituutti.fi\/wp-content\/uploads\/2022\/09\/lr_20220424_131309.jpg","articleSection":["Uncategorized"],"inLanguage":"en-GB"},{"@type":"WebPage","@id":"https:\/\/kansanmusiikki-instituutti.fi\/2022\/09\/06\/vaihto-ohjelmassa-jaettiin-aineettoman-kulttuuriperinnon-osaamista-ich-capacities-were-shared-in-an-exchange-program\/","url":"https:\/\/kansanmusiikki-instituutti.fi\/2022\/09\/06\/vaihto-ohjelmassa-jaettiin-aineettoman-kulttuuriperinnon-osaamista-ich-capacities-were-shared-in-an-exchange-program\/","name":"Vaihto-ohjelmassa jaettiin aineettoman kulttuuriperinn\u00f6n osaamista \/ ICH capacities were shared in an exchange program - Kansanmusiikki-instituutti","isPartOf":{"@id":"https:\/\/kansanmusiikki-instituutti.fi\/#website"},"primaryImageOfPage":{"@id":"https:\/\/kansanmusiikki-instituutti.fi\/2022\/09\/06\/vaihto-ohjelmassa-jaettiin-aineettoman-kulttuuriperinnon-osaamista-ich-capacities-were-shared-in-an-exchange-program\/#primaryimage"},"image":{"@id":"https:\/\/kansanmusiikki-instituutti.fi\/2022\/09\/06\/vaihto-ohjelmassa-jaettiin-aineettoman-kulttuuriperinnon-osaamista-ich-capacities-were-shared-in-an-exchange-program\/#primaryimage"},"thumbnailUrl":"https:\/\/kansanmusiikki-instituutti.fi\/wp-content\/uploads\/2022\/09\/lr_20220424_131309.jpg","datePublished":"2022-09-06T12:29:51+00:00","dateModified":"2022-09-06T13:09:30+00:00","author":{"@id":"https:\/\/kansanmusiikki-instituutti.fi\/#\/schema\/person\/4aa7ba4a12aa17de1d24ef47d39771c8"},"breadcrumb":{"@id":"https:\/\/kansanmusiikki-instituutti.fi\/2022\/09\/06\/vaihto-ohjelmassa-jaettiin-aineettoman-kulttuuriperinnon-osaamista-ich-capacities-were-shared-in-an-exchange-program\/#breadcrumb"},"inLanguage":"en-GB","potentialAction":[{"@type":"ReadAction","target":["https:\/\/kansanmusiikki-instituutti.fi\/2022\/09\/06\/vaihto-ohjelmassa-jaettiin-aineettoman-kulttuuriperinnon-osaamista-ich-capacities-were-shared-in-an-exchange-program\/"]}]},{"@type":"ImageObject","inLanguage":"en-GB","@id":"https:\/\/kansanmusiikki-instituutti.fi\/2022\/09\/06\/vaihto-ohjelmassa-jaettiin-aineettoman-kulttuuriperinnon-osaamista-ich-capacities-were-shared-in-an-exchange-program\/#primaryimage","url":"https:\/\/kansanmusiikki-instituutti.fi\/wp-content\/uploads\/2022\/09\/lr_20220424_131309.jpg","contentUrl":"https:\/\/kansanmusiikki-instituutti.fi\/wp-content\/uploads\/2022\/09\/lr_20220424_131309.jpg","width":1800,"height":1350},{"@type":"BreadcrumbList","@id":"https:\/\/kansanmusiikki-instituutti.fi\/2022\/09\/06\/vaihto-ohjelmassa-jaettiin-aineettoman-kulttuuriperinnon-osaamista-ich-capacities-were-shared-in-an-exchange-program\/#breadcrumb","itemListElement":[{"@type":"ListItem","position":1,"name":"Home","item":"https:\/\/kansanmusiikki-instituutti.fi\/"},{"@type":"ListItem","position":2,"name":"Vaihto-ohjelmassa jaettiin aineettoman kulttuuriperinn\u00f6n osaamista \/ ICH capacities were shared in an exchange program"}]},{"@type":"WebSite","@id":"https:\/\/kansanmusiikki-instituutti.fi\/#website","url":"https:\/\/kansanmusiikki-instituutti.fi\/","name":"The Finnish Folk Music Institute","description":"Finnish Folk Music Institute","potentialAction":[{"@type":"SearchAction","target":{"@type":"EntryPoint","urlTemplate":"https:\/\/kansanmusiikki-instituutti.fi\/?s={search_term_string}"},"query-input":{"@type":"PropertyValueSpecification","valueRequired":true,"valueName":"search_term_string"}}],"inLanguage":"en-GB"},{"@type":"Person","@id":"https:\/\/kansanmusiikki-instituutti.fi\/#\/schema\/person\/4aa7ba4a12aa17de1d24ef47d39771c8","name":"Lauri","image":{"@type":"ImageObject","inLanguage":"en-GB","@id":"https:\/\/kansanmusiikki-instituutti.fi\/#\/schema\/person\/image\/","url":"https:\/\/secure.gravatar.com\/avatar\/b16797c3886605198ad20c0d234781097185f061211a69f0f0e8c5382db1b8e0?s=96&d=mm&r=g","contentUrl":"https:\/\/secure.gravatar.com\/avatar\/b16797c3886605198ad20c0d234781097185f061211a69f0f0e8c5382db1b8e0?s=96&d=mm&r=g","caption":"Lauri"},"url":"https:\/\/kansanmusiikki-instituutti.fi\/en\/author\/lauri\/"}]}},"_links":{"self":[{"href":"https:\/\/kansanmusiikki-instituutti.fi\/en\/wp-json\/wp\/v2\/posts\/2215","targetHints":{"allow":["GET"]}}],"collection":[{"href":"https:\/\/kansanmusiikki-instituutti.fi\/en\/wp-json\/wp\/v2\/posts"}],"about":[{"href":"https:\/\/kansanmusiikki-instituutti.fi\/en\/wp-json\/wp\/v2\/types\/post"}],"author":[{"embeddable":true,"href":"https:\/\/kansanmusiikki-instituutti.fi\/en\/wp-json\/wp\/v2\/users\/3"}],"replies":[{"embeddable":true,"href":"https:\/\/kansanmusiikki-instituutti.fi\/en\/wp-json\/wp\/v2\/comments?post=2215"}],"version-history":[{"count":4,"href":"https:\/\/kansanmusiikki-instituutti.fi\/en\/wp-json\/wp\/v2\/posts\/2215\/revisions"}],"predecessor-version":[{"id":2221,"href":"https:\/\/kansanmusiikki-instituutti.fi\/en\/wp-json\/wp\/v2\/posts\/2215\/revisions\/2221"}],"wp:featuredmedia":[{"embeddable":true,"href":"https:\/\/kansanmusiikki-instituutti.fi\/en\/wp-json\/wp\/v2\/media\/2216"}],"wp:attachment":[{"href":"https:\/\/kansanmusiikki-instituutti.fi\/en\/wp-json\/wp\/v2\/media?parent=2215"}],"wp:term":[{"taxonomy":"category","embeddable":true,"href":"https:\/\/kansanmusiikki-instituutti.fi\/en\/wp-json\/wp\/v2\/categories?post=2215"},{"taxonomy":"post_tag","embeddable":true,"href":"https:\/\/kansanmusiikki-instituutti.fi\/en\/wp-json\/wp\/v2\/tags?post=2215"}],"curies":[{"name":"wp","href":"https:\/\/api.w.org\/{rel}","templated":true}]}}