{"id":2676,"date":"2024-04-26T08:48:41","date_gmt":"2024-04-26T08:48:41","guid":{"rendered":"https:\/\/kansanmusiikki-instituutti.fi\/?p=2676"},"modified":"2025-06-02T09:38:34","modified_gmt":"2025-06-02T09:38:34","slug":"saarijarven-kantele-ja-10-15-kieliset-kanteleet-saavat-uudet-soitto-oppaat","status":"publish","type":"post","link":"https:\/\/kansanmusiikki-instituutti.fi\/en\/2024\/04\/26\/saarijarven-kantele-ja-10-15-kieliset-kanteleet-saavat-uudet-soitto-oppaat\/","title":{"rendered":"Saarij\u00e4rvi kantele and 10\u201315-string kantele get new playing guides"},"content":{"rendered":"[et_pb_section admin_label=&#8221;section&#8221;]\n\t\t\t[et_pb_row admin_label=&#8221;row&#8221;]\n\t\t\t\t[et_pb_column type=&#8221;4_4&#8243;][et_pb_text admin_label=&#8221;Text&#8221;]\n<p>Kansanmusiikki-instituutti juhlii 50. toimintavuottaan ja kantelelegenda Martti Pokelan 100-vuotisjuhlaa kahdella odotetulla oppaalla. <em>Saarij\u00e4rven kanteleen soitto-opas <\/em>ja <em>Kanteleen py\u00f6rtehiss\u00e4 \u2013 10-15-kielisten kanteleiden soitto-opas<\/em> julkaistaan perjantaina 3.5. Jyv\u00e4skyl\u00e4ss\u00e4 Palokan pelimannitalolla Kansainv\u00e4lisen kantelekilpailun avajaisten yhteydess\u00e4.&nbsp;<\/p>\n\n\n\n<p>Saarij\u00e4rven kanteleelle on leimallista soittaminen sormin\u00e4pp\u00e4ilyn sijaan useimmiten puisella tikulla. Viime hetkill\u00e4 unohduksesta pelastettu perinne on el\u00e4nyt uutta kukoistuskauttaan 1980-luvulta l\u00e4htien, yhten\u00e4 huipentumanaan soittimen t\u00e4m\u00e4n hetken tunnetuimman l\u00e4hettil\u00e4\u00e4n <strong>Maija Kauhasen <\/strong>Pohjoismaiden neuvoston musiikkipalkinto 2023<strong>.<\/strong><\/p>\n\n\n\n<p>Uraauurtava Saarij\u00e4rven kanteleen soitto-opas on lajissaan ensimm\u00e4inen. Oppaan tekij\u00e4t <strong>Pauliina Syrj\u00e4l\u00e4, Senni Heiskanen, Kati Rantala, Hanna Ryyn\u00e4nen <\/strong>ja <strong>Jenni Ven\u00e4l\u00e4inen <\/strong>ovat paneutuneet instrumenttiin niin pedagogeina, tutkijoina kuin taiteilijoina soolouralla ja eri kokoonpanoissa.<\/p>\n\n\n\n<p>Oppassa k\u00e4yd\u00e4\u00e4n l\u00e4pi Saarij\u00e4rven kanteleen soittotavat ja -tekniikat. Liki kuudenkymmenen kappaleen valikoima kattaa perinnes\u00e4velmist\u00f6\u00e4, maistiaisia naapurimaista ja varta vasten s\u00e4velletty\u00e4 uutta tuotantoa mm. Maija Kauhaselta. Nuotteihin on merkitty havainnollisin ja selkein symbolein k\u00e4ytett\u00e4v\u00e4t soittotavat, ja jokaista nuottia seuraa sulkuotekaavio. Monista kappaleista on mukana useampi versio ja kuudesta kappaleesta my\u00f6s yhtyesovitukset.<\/p>\n\n\n\n<p>Kantelepedagogien ja kokeneiden opettajien <strong>Anu Alviolan <\/strong>ja <strong>Aurora Visan <\/strong>Kanteleen py\u00f6rtehiss\u00e4 \u2013 10- ja 15-kielisten kanteleiden soitto-opas on uusi tekniikka- ja ohjelmisto-opas 10- ja 15-kielisten kanteleiden maailmaan. 10- ja 15-kieliset kanteleet ovat suosittuja melodia- ja s\u00e4estyssoittimia, joiden suurempi kielim\u00e4\u00e4r\u00e4 mahdollistaa 5-kielist\u00e4 kannelta monipuolisemman musisoinnin. Oppaasta l\u00f6ytyy kuitenkin kappaleita my\u00f6s 5-kieliselle sovellettavaksi.<\/p>\n\n\n\n<p>Oppaassa tutustutaan pienkanteleiden perussoittotekniikoihin sointujen soitosta n\u00e4pp\u00e4ilysoittoon, sekatyyliin sek\u00e4 komppimelodiaan. Symbolit kuvaavat kappaleen soveltuvuutta eri taitotasoille ja eri tyyppisille kanteleille, ja oppaassa on selke\u00e4t otekaaviot. Yli sadan kappaleen monipuolisessa joukossa on my\u00f6s uutta 10- ja 15-kielisille kanteleille s\u00e4velletty\u00e4 ja sovitettua ohjelmistoa.<\/p>\n\n\n\n<p><\/p>\n\n\n\n<p><em>Saarij\u00e4rven kanteleen soitto-opas<\/em><strong>. <\/strong>KIJ118. 144 sivua, nidottu. <a href=\"https:\/\/kauppa.kansanmusiikki-instituutti.fi\/tuote\/26228393\" target=\"_blank\" rel=\"noreferrer noopener\">Osta verkkokaupasta<\/a>.<\/p>\n\n\n\n<p><em>Kanteleen py\u00f6rtehiss\u00e4 \u2013 10- ja 15-kielisten kanteleiden soitto-opas.<\/em> KIJ119. 136 sivua, nidottu. <a href=\"https:\/\/kauppa.kansanmusiikki-instituutti.fi\/tuote\/26228793\" target=\"_blank\" rel=\"noreferrer noopener\">Osta verkkokaupasta.<\/a><\/p>\n\n\n\n<p><\/p>\n[\/et_pb_text][\/et_pb_column]\n\t\t\t[\/et_pb_row]\n\t\t[\/et_pb_section]","protected":false},"excerpt":{"rendered":"<p>Kansanmusiikki-instituutti juhlii 50. toimintavuottaan ja kantelelegenda Martti Pokelan 100-vuotisjuhlaa kahdella odotetulla oppaalla. Saarij\u00e4rven kanteleen soitto-opas ja Kanteleen py\u00f6rtehiss\u00e4 \u2013 10-15-kielisten kanteleiden soitto-opas julkaistaan perjantaina 3.5. Jyv\u00e4skyl\u00e4ss\u00e4 Palokan pelimannitalolla Kansainv\u00e4lisen kantelekilpailun avajaisten yhteydess\u00e4.&nbsp; Saarij\u00e4rven kanteleelle on leimallista soittaminen sormin\u00e4pp\u00e4ilyn sijaan useimmiten puisella tikulla. Viime hetkill\u00e4 unohduksesta pelastettu perinne on el\u00e4nyt uutta kukoistuskauttaan 1980-luvulta l\u00e4htien, yhten\u00e4 huipentumanaan [&hellip;]<\/p>\n","protected":false},"author":3,"featured_media":2677,"comment_status":"closed","ping_status":"open","sticky":false,"template":"","format":"standard","meta":{"_et_pb_use_builder":"on","_et_pb_old_content":"<!-- wp:paragraph -->\n<p>Kansanmusiikki-instituutti juhlii 50. toimintavuottaan ja kantelelegenda Martti Pokelan 100-vuotisjuhlaa kahdella odotetulla oppaalla. <em>Saarij\u00e4rven kanteleen soitto-opas <\/em>ja <em>Kanteleen py\u00f6rtehiss\u00e4 \u2013 10-15-kielisten kanteleiden soitto-opas<\/em> julkaistaan perjantaina 3.5. Jyv\u00e4skyl\u00e4ss\u00e4 Palokan pelimannitalolla Kansainv\u00e4lisen kantelekilpailun avajaisten yhteydess\u00e4.&nbsp;<\/p>\n<!-- \/wp:paragraph -->\n\n<!-- wp:paragraph -->\n<p>Saarij\u00e4rven kanteleelle on leimallista soittaminen sormin\u00e4pp\u00e4ilyn sijaan useimmiten puisella tikulla. Viime hetkill\u00e4 unohduksesta pelastettu perinne on el\u00e4nyt uutta kukoistuskauttaan 1980-luvulta l\u00e4htien, yhten\u00e4 huipentumanaan soittimen t\u00e4m\u00e4n hetken tunnetuimman l\u00e4hettil\u00e4\u00e4n <strong>Maija Kauhasen <\/strong>Pohjoismaiden neuvoston musiikkipalkinto 2023<strong>.<\/strong><\/p>\n<!-- \/wp:paragraph -->\n\n<!-- wp:paragraph -->\n<p>Uraauurtava Saarij\u00e4rven kanteleen soitto-opas on lajissaan ensimm\u00e4inen. Oppaan tekij\u00e4t <strong>Pauliina Syrj\u00e4l\u00e4, Senni Heiskanen, Kati Rantala, Hanna Ryyn\u00e4nen <\/strong>ja <strong>Jenni Ven\u00e4l\u00e4inen <\/strong>ovat paneutuneet instrumenttiin niin pedagogeina, tutkijoina kuin taiteilijoina soolouralla ja eri kokoonpanoissa.<\/p>\n<!-- \/wp:paragraph -->\n\n<!-- wp:paragraph -->\n<p>Oppassa k\u00e4yd\u00e4\u00e4n l\u00e4pi Saarij\u00e4rven kanteleen soittotavat ja -tekniikat. Liki kuudenkymmenen kappaleen valikoima kattaa perinnes\u00e4velmist\u00f6\u00e4, maistiaisia naapurimaista ja varta vasten s\u00e4velletty\u00e4 uutta tuotantoa mm. Maija Kauhaselta. Nuotteihin on merkitty havainnollisin ja selkein symbolein k\u00e4ytett\u00e4v\u00e4t soittotavat, ja jokaista nuottia seuraa sulkuotekaavio. Monista kappaleista on mukana useampi versio ja kuudesta kappaleesta my\u00f6s yhtyesovitukset.<\/p>\n<!-- \/wp:paragraph -->\n\n<!-- wp:paragraph -->\n<p>Kantelepedagogien ja kokeneiden opettajien <strong>Anu Alviolan <\/strong>ja <strong>Aurora Visan <\/strong>Kanteleen py\u00f6rtehiss\u00e4 \u2013 10- ja 15-kielisten kanteleiden soitto-opas on uusi tekniikka- ja ohjelmisto-opas 10- ja 15-kielisten kanteleiden maailmaan. 10- ja 15-kieliset kanteleet ovat suosittuja melodia- ja s\u00e4estyssoittimia, joiden suurempi kielim\u00e4\u00e4r\u00e4 mahdollistaa 5-kielist\u00e4 kannelta monipuolisemman musisoinnin. Oppaasta l\u00f6ytyy kuitenkin kappaleita my\u00f6s 5-kieliselle sovellettavaksi.<\/p>\n<!-- \/wp:paragraph -->\n\n<!-- wp:paragraph -->\n<p>Oppaassa tutustutaan pienkanteleiden perussoittotekniikoihin sointujen soitosta n\u00e4pp\u00e4ilysoittoon, sekatyyliin sek\u00e4 komppimelodiaan. Symbolit kuvaavat kappaleen soveltuvuutta eri taitotasoille ja eri tyyppisille kanteleille, ja oppaassa on selke\u00e4t otekaaviot. Yli sadan kappaleen monipuolisessa joukossa on my\u00f6s uutta 10- ja 15-kielisille kanteleille s\u00e4velletty\u00e4 ja sovitettua ohjelmistoa.<\/p>\n<!-- \/wp:paragraph -->\n\n<!-- wp:paragraph -->\n<p><\/p>\n<!-- \/wp:paragraph -->\n\n<!-- wp:paragraph -->\n<p><em>Saarij\u00e4rven kanteleen soitto-opas<\/em><strong>. <\/strong>KIJ118. 144 sivua, nidottu. <a href=\"https:\/\/kauppa.kansanmusiikki-instituutti.fi\/tuote\/26228393\" target=\"_blank\" rel=\"noreferrer noopener\">Osta verkkokaupasta<\/a>.<\/p>\n<!-- \/wp:paragraph -->\n\n<!-- wp:paragraph -->\n<p><em>Kanteleen py\u00f6rtehiss\u00e4 \u2013 10- ja 15-kielisten kanteleiden soitto-opas.<\/em> KIJ119. 136 sivua, nidottu. <a href=\"https:\/\/kauppa.kansanmusiikki-instituutti.fi\/tuote\/26228793\" target=\"_blank\" rel=\"noreferrer noopener\">Osta verkkokaupasta.<\/a><\/p>\n<!-- \/wp:paragraph -->\n\n<!-- wp:paragraph -->\n<p><\/p>\n<!-- \/wp:paragraph -->","_et_gb_content_width":"","footnotes":""},"categories":[1],"tags":[],"class_list":["post-2676","post","type-post","status-publish","format-standard","has-post-thumbnail","hentry","category-uncategorized"],"yoast_head":"<!-- This site is optimized with the Yoast SEO plugin v27.0 - https:\/\/yoast.com\/product\/yoast-seo-wordpress\/ -->\n<title>Saarij\u00e4rven kantele ja 10\u201315-kieliset kanteleet saavat uudet soitto-oppaat - Kansanmusiikki-instituutti<\/title>\n<meta name=\"robots\" content=\"index, follow, max-snippet:-1, max-image-preview:large, max-video-preview:-1\" \/>\n<link rel=\"canonical\" href=\"https:\/\/kansanmusiikki-instituutti.fi\/en\/2024\/04\/26\/saarijarven-kantele-ja-10-15-kieliset-kanteleet-saavat-uudet-soitto-oppaat\/\" \/>\n<meta property=\"og:locale\" content=\"en_GB\" \/>\n<meta property=\"og:type\" content=\"article\" \/>\n<meta property=\"og:title\" content=\"Saarij\u00e4rven kantele ja 10\u201315-kieliset kanteleet saavat uudet soitto-oppaat - Kansanmusiikki-instituutti\" \/>\n<meta property=\"og:description\" content=\"Kansanmusiikki-instituutti juhlii 50. toimintavuottaan ja kantelelegenda Martti Pokelan 100-vuotisjuhlaa kahdella odotetulla oppaalla. Saarij\u00e4rven kanteleen soitto-opas ja Kanteleen py\u00f6rtehiss\u00e4 \u2013 10-15-kielisten kanteleiden soitto-opas julkaistaan perjantaina 3.5. Jyv\u00e4skyl\u00e4ss\u00e4 Palokan pelimannitalolla Kansainv\u00e4lisen kantelekilpailun avajaisten yhteydess\u00e4.&nbsp; Saarij\u00e4rven kanteleelle on leimallista soittaminen sormin\u00e4pp\u00e4ilyn sijaan useimmiten puisella tikulla. Viime hetkill\u00e4 unohduksesta pelastettu perinne on el\u00e4nyt uutta kukoistuskauttaan 1980-luvulta l\u00e4htien, yhten\u00e4 huipentumanaan [&hellip;]\" \/>\n<meta property=\"og:url\" content=\"https:\/\/kansanmusiikki-instituutti.fi\/en\/2024\/04\/26\/saarijarven-kantele-ja-10-15-kieliset-kanteleet-saavat-uudet-soitto-oppaat\/\" \/>\n<meta property=\"og:site_name\" content=\"Kansanmusiikki-instituutti\" \/>\n<meta property=\"article:published_time\" content=\"2024-04-26T08:48:41+00:00\" \/>\n<meta property=\"article:modified_time\" content=\"2025-06-02T09:38:34+00:00\" \/>\n<meta property=\"og:image\" content=\"https:\/\/kansanmusiikki-instituutti.fi\/wp-content\/uploads\/2024\/04\/Kantelekirjat-mainoskuva.jpg\" \/>\n\t<meta property=\"og:image:width\" content=\"1440\" \/>\n\t<meta property=\"og:image:height\" content=\"900\" \/>\n\t<meta property=\"og:image:type\" content=\"image\/jpeg\" \/>\n<meta name=\"author\" content=\"Lauri\" \/>\n<meta name=\"twitter:card\" content=\"summary_large_image\" \/>\n<meta name=\"twitter:label1\" content=\"Written by\" \/>\n\t<meta name=\"twitter:data1\" content=\"Lauri\" \/>\n\t<meta name=\"twitter:label2\" content=\"Estimated reading time\" \/>\n\t<meta name=\"twitter:data2\" content=\"2 minutes\" \/>\n<script type=\"application\/ld+json\" class=\"yoast-schema-graph\">{\"@context\":\"https:\/\/schema.org\",\"@graph\":[{\"@type\":\"Article\",\"@id\":\"https:\/\/kansanmusiikki-instituutti.fi\/2024\/04\/26\/saarijarven-kantele-ja-10-15-kieliset-kanteleet-saavat-uudet-soitto-oppaat\/#article\",\"isPartOf\":{\"@id\":\"https:\/\/kansanmusiikki-instituutti.fi\/2024\/04\/26\/saarijarven-kantele-ja-10-15-kieliset-kanteleet-saavat-uudet-soitto-oppaat\/\"},\"author\":{\"name\":\"Lauri\",\"@id\":\"https:\/\/kansanmusiikki-instituutti.fi\/#\/schema\/person\/4aa7ba4a12aa17de1d24ef47d39771c8\"},\"headline\":\"Saarij\u00e4rven kantele ja 10\u201315-kieliset kanteleet saavat uudet soitto-oppaat\",\"datePublished\":\"2024-04-26T08:48:41+00:00\",\"dateModified\":\"2025-06-02T09:38:34+00:00\",\"mainEntityOfPage\":{\"@id\":\"https:\/\/kansanmusiikki-instituutti.fi\/2024\/04\/26\/saarijarven-kantele-ja-10-15-kieliset-kanteleet-saavat-uudet-soitto-oppaat\/\"},\"wordCount\":343,\"image\":{\"@id\":\"https:\/\/kansanmusiikki-instituutti.fi\/2024\/04\/26\/saarijarven-kantele-ja-10-15-kieliset-kanteleet-saavat-uudet-soitto-oppaat\/#primaryimage\"},\"thumbnailUrl\":\"https:\/\/kansanmusiikki-instituutti.fi\/wp-content\/uploads\/2024\/04\/Kantelekirjat-mainoskuva.jpg\",\"articleSection\":[\"Uncategorized\"],\"inLanguage\":\"en-GB\"},{\"@type\":\"WebPage\",\"@id\":\"https:\/\/kansanmusiikki-instituutti.fi\/2024\/04\/26\/saarijarven-kantele-ja-10-15-kieliset-kanteleet-saavat-uudet-soitto-oppaat\/\",\"url\":\"https:\/\/kansanmusiikki-instituutti.fi\/2024\/04\/26\/saarijarven-kantele-ja-10-15-kieliset-kanteleet-saavat-uudet-soitto-oppaat\/\",\"name\":\"Saarij\u00e4rven kantele ja 10\u201315-kieliset kanteleet saavat uudet soitto-oppaat - Kansanmusiikki-instituutti\",\"isPartOf\":{\"@id\":\"https:\/\/kansanmusiikki-instituutti.fi\/#website\"},\"primaryImageOfPage\":{\"@id\":\"https:\/\/kansanmusiikki-instituutti.fi\/2024\/04\/26\/saarijarven-kantele-ja-10-15-kieliset-kanteleet-saavat-uudet-soitto-oppaat\/#primaryimage\"},\"image\":{\"@id\":\"https:\/\/kansanmusiikki-instituutti.fi\/2024\/04\/26\/saarijarven-kantele-ja-10-15-kieliset-kanteleet-saavat-uudet-soitto-oppaat\/#primaryimage\"},\"thumbnailUrl\":\"https:\/\/kansanmusiikki-instituutti.fi\/wp-content\/uploads\/2024\/04\/Kantelekirjat-mainoskuva.jpg\",\"datePublished\":\"2024-04-26T08:48:41+00:00\",\"dateModified\":\"2025-06-02T09:38:34+00:00\",\"author\":{\"@id\":\"https:\/\/kansanmusiikki-instituutti.fi\/#\/schema\/person\/4aa7ba4a12aa17de1d24ef47d39771c8\"},\"breadcrumb\":{\"@id\":\"https:\/\/kansanmusiikki-instituutti.fi\/2024\/04\/26\/saarijarven-kantele-ja-10-15-kieliset-kanteleet-saavat-uudet-soitto-oppaat\/#breadcrumb\"},\"inLanguage\":\"en-GB\",\"potentialAction\":[{\"@type\":\"ReadAction\",\"target\":[\"https:\/\/kansanmusiikki-instituutti.fi\/2024\/04\/26\/saarijarven-kantele-ja-10-15-kieliset-kanteleet-saavat-uudet-soitto-oppaat\/\"]}]},{\"@type\":\"ImageObject\",\"inLanguage\":\"en-GB\",\"@id\":\"https:\/\/kansanmusiikki-instituutti.fi\/2024\/04\/26\/saarijarven-kantele-ja-10-15-kieliset-kanteleet-saavat-uudet-soitto-oppaat\/#primaryimage\",\"url\":\"https:\/\/kansanmusiikki-instituutti.fi\/wp-content\/uploads\/2024\/04\/Kantelekirjat-mainoskuva.jpg\",\"contentUrl\":\"https:\/\/kansanmusiikki-instituutti.fi\/wp-content\/uploads\/2024\/04\/Kantelekirjat-mainoskuva.jpg\",\"width\":1440,\"height\":900},{\"@type\":\"BreadcrumbList\",\"@id\":\"https:\/\/kansanmusiikki-instituutti.fi\/2024\/04\/26\/saarijarven-kantele-ja-10-15-kieliset-kanteleet-saavat-uudet-soitto-oppaat\/#breadcrumb\",\"itemListElement\":[{\"@type\":\"ListItem\",\"position\":1,\"name\":\"Home\",\"item\":\"https:\/\/kansanmusiikki-instituutti.fi\/\"},{\"@type\":\"ListItem\",\"position\":2,\"name\":\"Saarij\u00e4rven kantele ja 10\u201315-kieliset kanteleet saavat uudet soitto-oppaat\"}]},{\"@type\":\"WebSite\",\"@id\":\"https:\/\/kansanmusiikki-instituutti.fi\/#website\",\"url\":\"https:\/\/kansanmusiikki-instituutti.fi\/\",\"name\":\"Kansanmusiikki-instituutti\",\"description\":\"Finnish Folk Music Institute\",\"potentialAction\":[{\"@type\":\"SearchAction\",\"target\":{\"@type\":\"EntryPoint\",\"urlTemplate\":\"https:\/\/kansanmusiikki-instituutti.fi\/?s={search_term_string}\"},\"query-input\":{\"@type\":\"PropertyValueSpecification\",\"valueRequired\":true,\"valueName\":\"search_term_string\"}}],\"inLanguage\":\"en-GB\"},{\"@type\":\"Person\",\"@id\":\"https:\/\/kansanmusiikki-instituutti.fi\/#\/schema\/person\/4aa7ba4a12aa17de1d24ef47d39771c8\",\"name\":\"Lauri\",\"image\":{\"@type\":\"ImageObject\",\"inLanguage\":\"en-GB\",\"@id\":\"https:\/\/kansanmusiikki-instituutti.fi\/#\/schema\/person\/image\/\",\"url\":\"https:\/\/secure.gravatar.com\/avatar\/b16797c3886605198ad20c0d234781097185f061211a69f0f0e8c5382db1b8e0?s=96&d=mm&r=g\",\"contentUrl\":\"https:\/\/secure.gravatar.com\/avatar\/b16797c3886605198ad20c0d234781097185f061211a69f0f0e8c5382db1b8e0?s=96&d=mm&r=g\",\"caption\":\"Lauri\"},\"url\":\"https:\/\/kansanmusiikki-instituutti.fi\/en\/author\/lauri\/\"}]}<\/script>\n<!-- \/ Yoast SEO plugin. -->","yoast_head_json":{"title":"Saarij\u00e4rven kantele ja 10\u201315-kieliset kanteleet saavat uudet soitto-oppaat - Kansanmusiikki-instituutti","robots":{"index":"index","follow":"follow","max-snippet":"max-snippet:-1","max-image-preview":"max-image-preview:large","max-video-preview":"max-video-preview:-1"},"canonical":"https:\/\/kansanmusiikki-instituutti.fi\/en\/2024\/04\/26\/saarijarven-kantele-ja-10-15-kieliset-kanteleet-saavat-uudet-soitto-oppaat\/","og_locale":"en_GB","og_type":"article","og_title":"Saarij\u00e4rven kantele ja 10\u201315-kieliset kanteleet saavat uudet soitto-oppaat - Kansanmusiikki-instituutti","og_description":"Kansanmusiikki-instituutti juhlii 50. toimintavuottaan ja kantelelegenda Martti Pokelan 100-vuotisjuhlaa kahdella odotetulla oppaalla. Saarij\u00e4rven kanteleen soitto-opas ja Kanteleen py\u00f6rtehiss\u00e4 \u2013 10-15-kielisten kanteleiden soitto-opas julkaistaan perjantaina 3.5. Jyv\u00e4skyl\u00e4ss\u00e4 Palokan pelimannitalolla Kansainv\u00e4lisen kantelekilpailun avajaisten yhteydess\u00e4.&nbsp; Saarij\u00e4rven kanteleelle on leimallista soittaminen sormin\u00e4pp\u00e4ilyn sijaan useimmiten puisella tikulla. Viime hetkill\u00e4 unohduksesta pelastettu perinne on el\u00e4nyt uutta kukoistuskauttaan 1980-luvulta l\u00e4htien, yhten\u00e4 huipentumanaan [&hellip;]","og_url":"https:\/\/kansanmusiikki-instituutti.fi\/en\/2024\/04\/26\/saarijarven-kantele-ja-10-15-kieliset-kanteleet-saavat-uudet-soitto-oppaat\/","og_site_name":"Kansanmusiikki-instituutti","article_published_time":"2024-04-26T08:48:41+00:00","article_modified_time":"2025-06-02T09:38:34+00:00","og_image":[{"width":1440,"height":900,"url":"https:\/\/kansanmusiikki-instituutti.fi\/wp-content\/uploads\/2024\/04\/Kantelekirjat-mainoskuva.jpg","type":"image\/jpeg"}],"author":"Lauri","twitter_card":"summary_large_image","twitter_misc":{"Written by":"Lauri","Estimated reading time":"2 minutes"},"schema":{"@context":"https:\/\/schema.org","@graph":[{"@type":"Article","@id":"https:\/\/kansanmusiikki-instituutti.fi\/2024\/04\/26\/saarijarven-kantele-ja-10-15-kieliset-kanteleet-saavat-uudet-soitto-oppaat\/#article","isPartOf":{"@id":"https:\/\/kansanmusiikki-instituutti.fi\/2024\/04\/26\/saarijarven-kantele-ja-10-15-kieliset-kanteleet-saavat-uudet-soitto-oppaat\/"},"author":{"name":"Lauri","@id":"https:\/\/kansanmusiikki-instituutti.fi\/#\/schema\/person\/4aa7ba4a12aa17de1d24ef47d39771c8"},"headline":"Saarij\u00e4rven kantele ja 10\u201315-kieliset kanteleet saavat uudet soitto-oppaat","datePublished":"2024-04-26T08:48:41+00:00","dateModified":"2025-06-02T09:38:34+00:00","mainEntityOfPage":{"@id":"https:\/\/kansanmusiikki-instituutti.fi\/2024\/04\/26\/saarijarven-kantele-ja-10-15-kieliset-kanteleet-saavat-uudet-soitto-oppaat\/"},"wordCount":343,"image":{"@id":"https:\/\/kansanmusiikki-instituutti.fi\/2024\/04\/26\/saarijarven-kantele-ja-10-15-kieliset-kanteleet-saavat-uudet-soitto-oppaat\/#primaryimage"},"thumbnailUrl":"https:\/\/kansanmusiikki-instituutti.fi\/wp-content\/uploads\/2024\/04\/Kantelekirjat-mainoskuva.jpg","articleSection":["Uncategorized"],"inLanguage":"en-GB"},{"@type":"WebPage","@id":"https:\/\/kansanmusiikki-instituutti.fi\/2024\/04\/26\/saarijarven-kantele-ja-10-15-kieliset-kanteleet-saavat-uudet-soitto-oppaat\/","url":"https:\/\/kansanmusiikki-instituutti.fi\/2024\/04\/26\/saarijarven-kantele-ja-10-15-kieliset-kanteleet-saavat-uudet-soitto-oppaat\/","name":"Saarij\u00e4rven kantele ja 10\u201315-kieliset kanteleet saavat uudet soitto-oppaat - Kansanmusiikki-instituutti","isPartOf":{"@id":"https:\/\/kansanmusiikki-instituutti.fi\/#website"},"primaryImageOfPage":{"@id":"https:\/\/kansanmusiikki-instituutti.fi\/2024\/04\/26\/saarijarven-kantele-ja-10-15-kieliset-kanteleet-saavat-uudet-soitto-oppaat\/#primaryimage"},"image":{"@id":"https:\/\/kansanmusiikki-instituutti.fi\/2024\/04\/26\/saarijarven-kantele-ja-10-15-kieliset-kanteleet-saavat-uudet-soitto-oppaat\/#primaryimage"},"thumbnailUrl":"https:\/\/kansanmusiikki-instituutti.fi\/wp-content\/uploads\/2024\/04\/Kantelekirjat-mainoskuva.jpg","datePublished":"2024-04-26T08:48:41+00:00","dateModified":"2025-06-02T09:38:34+00:00","author":{"@id":"https:\/\/kansanmusiikki-instituutti.fi\/#\/schema\/person\/4aa7ba4a12aa17de1d24ef47d39771c8"},"breadcrumb":{"@id":"https:\/\/kansanmusiikki-instituutti.fi\/2024\/04\/26\/saarijarven-kantele-ja-10-15-kieliset-kanteleet-saavat-uudet-soitto-oppaat\/#breadcrumb"},"inLanguage":"en-GB","potentialAction":[{"@type":"ReadAction","target":["https:\/\/kansanmusiikki-instituutti.fi\/2024\/04\/26\/saarijarven-kantele-ja-10-15-kieliset-kanteleet-saavat-uudet-soitto-oppaat\/"]}]},{"@type":"ImageObject","inLanguage":"en-GB","@id":"https:\/\/kansanmusiikki-instituutti.fi\/2024\/04\/26\/saarijarven-kantele-ja-10-15-kieliset-kanteleet-saavat-uudet-soitto-oppaat\/#primaryimage","url":"https:\/\/kansanmusiikki-instituutti.fi\/wp-content\/uploads\/2024\/04\/Kantelekirjat-mainoskuva.jpg","contentUrl":"https:\/\/kansanmusiikki-instituutti.fi\/wp-content\/uploads\/2024\/04\/Kantelekirjat-mainoskuva.jpg","width":1440,"height":900},{"@type":"BreadcrumbList","@id":"https:\/\/kansanmusiikki-instituutti.fi\/2024\/04\/26\/saarijarven-kantele-ja-10-15-kieliset-kanteleet-saavat-uudet-soitto-oppaat\/#breadcrumb","itemListElement":[{"@type":"ListItem","position":1,"name":"Home","item":"https:\/\/kansanmusiikki-instituutti.fi\/"},{"@type":"ListItem","position":2,"name":"Saarij\u00e4rven kantele ja 10\u201315-kieliset kanteleet saavat uudet soitto-oppaat"}]},{"@type":"WebSite","@id":"https:\/\/kansanmusiikki-instituutti.fi\/#website","url":"https:\/\/kansanmusiikki-instituutti.fi\/","name":"The Finnish Folk Music Institute","description":"Finnish Folk Music Institute","potentialAction":[{"@type":"SearchAction","target":{"@type":"EntryPoint","urlTemplate":"https:\/\/kansanmusiikki-instituutti.fi\/?s={search_term_string}"},"query-input":{"@type":"PropertyValueSpecification","valueRequired":true,"valueName":"search_term_string"}}],"inLanguage":"en-GB"},{"@type":"Person","@id":"https:\/\/kansanmusiikki-instituutti.fi\/#\/schema\/person\/4aa7ba4a12aa17de1d24ef47d39771c8","name":"Lauri","image":{"@type":"ImageObject","inLanguage":"en-GB","@id":"https:\/\/kansanmusiikki-instituutti.fi\/#\/schema\/person\/image\/","url":"https:\/\/secure.gravatar.com\/avatar\/b16797c3886605198ad20c0d234781097185f061211a69f0f0e8c5382db1b8e0?s=96&d=mm&r=g","contentUrl":"https:\/\/secure.gravatar.com\/avatar\/b16797c3886605198ad20c0d234781097185f061211a69f0f0e8c5382db1b8e0?s=96&d=mm&r=g","caption":"Lauri"},"url":"https:\/\/kansanmusiikki-instituutti.fi\/en\/author\/lauri\/"}]}},"_links":{"self":[{"href":"https:\/\/kansanmusiikki-instituutti.fi\/en\/wp-json\/wp\/v2\/posts\/2676","targetHints":{"allow":["GET"]}}],"collection":[{"href":"https:\/\/kansanmusiikki-instituutti.fi\/en\/wp-json\/wp\/v2\/posts"}],"about":[{"href":"https:\/\/kansanmusiikki-instituutti.fi\/en\/wp-json\/wp\/v2\/types\/post"}],"author":[{"embeddable":true,"href":"https:\/\/kansanmusiikki-instituutti.fi\/en\/wp-json\/wp\/v2\/users\/3"}],"replies":[{"embeddable":true,"href":"https:\/\/kansanmusiikki-instituutti.fi\/en\/wp-json\/wp\/v2\/comments?post=2676"}],"version-history":[{"count":9,"href":"https:\/\/kansanmusiikki-instituutti.fi\/en\/wp-json\/wp\/v2\/posts\/2676\/revisions"}],"predecessor-version":[{"id":2787,"href":"https:\/\/kansanmusiikki-instituutti.fi\/en\/wp-json\/wp\/v2\/posts\/2676\/revisions\/2787"}],"wp:featuredmedia":[{"embeddable":true,"href":"https:\/\/kansanmusiikki-instituutti.fi\/en\/wp-json\/wp\/v2\/media\/2677"}],"wp:attachment":[{"href":"https:\/\/kansanmusiikki-instituutti.fi\/en\/wp-json\/wp\/v2\/media?parent=2676"}],"wp:term":[{"taxonomy":"category","embeddable":true,"href":"https:\/\/kansanmusiikki-instituutti.fi\/en\/wp-json\/wp\/v2\/categories?post=2676"},{"taxonomy":"post_tag","embeddable":true,"href":"https:\/\/kansanmusiikki-instituutti.fi\/en\/wp-json\/wp\/v2\/tags?post=2676"}],"curies":[{"name":"wp","href":"https:\/\/api.w.org\/{rel}","templated":true}]}}