{"id":2971,"date":"2025-05-02T10:19:36","date_gmt":"2025-05-02T10:19:36","guid":{"rendered":"https:\/\/kansanmusiikki-instituutti.fi\/?p=2971"},"modified":"2025-06-02T09:38:33","modified_gmt":"2025-06-02T09:38:33","slug":"konsta-jylha-kilpailun-ilmoittautuminen-jatkuu-22-5-asti","status":"publish","type":"post","link":"https:\/\/kansanmusiikki-instituutti.fi\/en\/2025\/05\/02\/konsta-jylha-kilpailun-ilmoittautuminen-jatkuu-22-5-asti\/","title":{"rendered":"Konsta Jylh\u00e4 Competition enrolment extended to 22.5."},"content":{"rendered":"<p>Since 2010, The Folk Music Institute and Pelimannitalo (The Fiddlers' House) have arranged the Konsta Jylh\u00e4 Competition of folk music. The competition's theme varies from year to year, and its finals take place during the Kaustinen Folk Music Festival.<br><br>The enrolment for the 14th Konsta Jylh\u00e4 Competition is open until 22.5. This year\u2019s competition is for small groups, and the theme is Konsta Jylh\u00e4\u2019s works. The final event 7.-8.7.2025 is part of Kaustinen Folk Music Festival. <a href=\"https:\/\/kansanmusiikki-instituutti.fi\/en\/konsta-jylha-kilpailu\/\">competition rules and entry form<\/a>.<\/p>","protected":false},"excerpt":{"rendered":"<p>Kansanmusiikki-instituutti ja Pelimannitalo ovat vuodesta 2010 alkaen j\u00e4rjest\u00e4neet yhdess\u00e4 kansanmusiikin Konsta Jylh\u00e4 -kilpailun, jonka finaali k\u00e4yd\u00e4\u00e4n Pelimannitalossa osana Kaustisen kansanmusiikkijuhlien ohjelmaa. Kilpailun teema vaihtelee vuosittain. 14. Konsta Jylh\u00e4 -kilpailun ilmoittautuminen on k\u00e4ynniss\u00e4 22.5. asti. Kilpailu on t\u00e4n\u00e4 vuonna pienyhtyeille, ja teemana on kilpailun nimikkos\u00e4velt\u00e4j\u00e4n Konsta Jylh\u00e4n tuotanto. Kisan finaali k\u00e4yd\u00e4\u00e4n Kaustisen kansanmusiikkijuhlilla 7.-8.7.2025. Kilpailun s\u00e4\u00e4nn\u00f6t [&hellip;]<\/p>\n","protected":false},"author":3,"featured_media":2331,"comment_status":"closed","ping_status":"open","sticky":false,"template":"","format":"standard","meta":{"_et_pb_use_builder":"","_et_pb_old_content":"","_et_gb_content_width":"","footnotes":""},"categories":[1],"tags":[],"class_list":["post-2971","post","type-post","status-publish","format-standard","has-post-thumbnail","hentry","category-uncategorized"],"yoast_head":"<!-- This site is optimized with the Yoast SEO plugin v27.0 - https:\/\/yoast.com\/product\/yoast-seo-wordpress\/ -->\n<title>Konsta Jylh\u00e4 -kilpailun ilmoittautuminen jatkuu 22.5. asti - Kansanmusiikki-instituutti<\/title>\n<meta name=\"robots\" content=\"index, follow, max-snippet:-1, max-image-preview:large, max-video-preview:-1\" \/>\n<link rel=\"canonical\" href=\"https:\/\/kansanmusiikki-instituutti.fi\/en\/2025\/05\/02\/konsta-jylha-kilpailun-ilmoittautuminen-jatkuu-22-5-asti\/\" \/>\n<meta property=\"og:locale\" content=\"en_GB\" \/>\n<meta property=\"og:type\" content=\"article\" \/>\n<meta property=\"og:title\" content=\"Konsta Jylh\u00e4 -kilpailun ilmoittautuminen jatkuu 22.5. asti - Kansanmusiikki-instituutti\" \/>\n<meta property=\"og:description\" content=\"Kansanmusiikki-instituutti ja Pelimannitalo ovat vuodesta 2010 alkaen j\u00e4rjest\u00e4neet yhdess\u00e4 kansanmusiikin Konsta Jylh\u00e4 -kilpailun, jonka finaali k\u00e4yd\u00e4\u00e4n Pelimannitalossa osana Kaustisen kansanmusiikkijuhlien ohjelmaa. Kilpailun teema vaihtelee vuosittain. 14. Konsta Jylh\u00e4 -kilpailun ilmoittautuminen on k\u00e4ynniss\u00e4 22.5. asti. Kilpailu on t\u00e4n\u00e4 vuonna pienyhtyeille, ja teemana on kilpailun nimikkos\u00e4velt\u00e4j\u00e4n Konsta Jylh\u00e4n tuotanto. Kisan finaali k\u00e4yd\u00e4\u00e4n Kaustisen kansanmusiikkijuhlilla 7.-8.7.2025. Kilpailun s\u00e4\u00e4nn\u00f6t [&hellip;]\" \/>\n<meta property=\"og:url\" content=\"https:\/\/kansanmusiikki-instituutti.fi\/en\/2025\/05\/02\/konsta-jylha-kilpailun-ilmoittautuminen-jatkuu-22-5-asti\/\" \/>\n<meta property=\"og:site_name\" content=\"Kansanmusiikki-instituutti\" \/>\n<meta property=\"article:published_time\" content=\"2025-05-02T10:19:36+00:00\" \/>\n<meta property=\"article:modified_time\" content=\"2025-06-02T09:38:33+00:00\" \/>\n<meta property=\"og:image\" content=\"https:\/\/kansanmusiikki-instituutti.fi\/wp-content\/uploads\/2023\/06\/orig_15519.jpg\" \/>\n\t<meta property=\"og:image:width\" content=\"1800\" \/>\n\t<meta property=\"og:image:height\" content=\"1198\" \/>\n\t<meta property=\"og:image:type\" content=\"image\/jpeg\" \/>\n<meta name=\"author\" content=\"Lauri\" \/>\n<meta name=\"twitter:card\" content=\"summary_large_image\" \/>\n<meta name=\"twitter:label1\" content=\"Written by\" \/>\n\t<meta name=\"twitter:data1\" content=\"Lauri\" \/>\n\t<meta name=\"twitter:label2\" content=\"Estimated reading time\" \/>\n\t<meta name=\"twitter:data2\" content=\"1 minute\" \/>\n<script type=\"application\/ld+json\" class=\"yoast-schema-graph\">{\"@context\":\"https:\/\/schema.org\",\"@graph\":[{\"@type\":\"Article\",\"@id\":\"https:\/\/kansanmusiikki-instituutti.fi\/2025\/05\/02\/konsta-jylha-kilpailun-ilmoittautuminen-jatkuu-22-5-asti\/#article\",\"isPartOf\":{\"@id\":\"https:\/\/kansanmusiikki-instituutti.fi\/2025\/05\/02\/konsta-jylha-kilpailun-ilmoittautuminen-jatkuu-22-5-asti\/\"},\"author\":{\"name\":\"Lauri\",\"@id\":\"https:\/\/kansanmusiikki-instituutti.fi\/#\/schema\/person\/4aa7ba4a12aa17de1d24ef47d39771c8\"},\"headline\":\"Konsta Jylh\u00e4 -kilpailun ilmoittautuminen jatkuu 22.5. asti\",\"datePublished\":\"2025-05-02T10:19:36+00:00\",\"dateModified\":\"2025-06-02T09:38:33+00:00\",\"mainEntityOfPage\":{\"@id\":\"https:\/\/kansanmusiikki-instituutti.fi\/2025\/05\/02\/konsta-jylha-kilpailun-ilmoittautuminen-jatkuu-22-5-asti\/\"},\"wordCount\":74,\"image\":{\"@id\":\"https:\/\/kansanmusiikki-instituutti.fi\/2025\/05\/02\/konsta-jylha-kilpailun-ilmoittautuminen-jatkuu-22-5-asti\/#primaryimage\"},\"thumbnailUrl\":\"https:\/\/kansanmusiikki-instituutti.fi\/wp-content\/uploads\/2023\/06\/orig_15519.jpg\",\"articleSection\":[\"Uncategorized\"],\"inLanguage\":\"en-GB\"},{\"@type\":\"WebPage\",\"@id\":\"https:\/\/kansanmusiikki-instituutti.fi\/2025\/05\/02\/konsta-jylha-kilpailun-ilmoittautuminen-jatkuu-22-5-asti\/\",\"url\":\"https:\/\/kansanmusiikki-instituutti.fi\/2025\/05\/02\/konsta-jylha-kilpailun-ilmoittautuminen-jatkuu-22-5-asti\/\",\"name\":\"Konsta Jylh\u00e4 -kilpailun ilmoittautuminen jatkuu 22.5. asti - Kansanmusiikki-instituutti\",\"isPartOf\":{\"@id\":\"https:\/\/kansanmusiikki-instituutti.fi\/#website\"},\"primaryImageOfPage\":{\"@id\":\"https:\/\/kansanmusiikki-instituutti.fi\/2025\/05\/02\/konsta-jylha-kilpailun-ilmoittautuminen-jatkuu-22-5-asti\/#primaryimage\"},\"image\":{\"@id\":\"https:\/\/kansanmusiikki-instituutti.fi\/2025\/05\/02\/konsta-jylha-kilpailun-ilmoittautuminen-jatkuu-22-5-asti\/#primaryimage\"},\"thumbnailUrl\":\"https:\/\/kansanmusiikki-instituutti.fi\/wp-content\/uploads\/2023\/06\/orig_15519.jpg\",\"datePublished\":\"2025-05-02T10:19:36+00:00\",\"dateModified\":\"2025-06-02T09:38:33+00:00\",\"author\":{\"@id\":\"https:\/\/kansanmusiikki-instituutti.fi\/#\/schema\/person\/4aa7ba4a12aa17de1d24ef47d39771c8\"},\"breadcrumb\":{\"@id\":\"https:\/\/kansanmusiikki-instituutti.fi\/2025\/05\/02\/konsta-jylha-kilpailun-ilmoittautuminen-jatkuu-22-5-asti\/#breadcrumb\"},\"inLanguage\":\"en-GB\",\"potentialAction\":[{\"@type\":\"ReadAction\",\"target\":[\"https:\/\/kansanmusiikki-instituutti.fi\/2025\/05\/02\/konsta-jylha-kilpailun-ilmoittautuminen-jatkuu-22-5-asti\/\"]}]},{\"@type\":\"ImageObject\",\"inLanguage\":\"en-GB\",\"@id\":\"https:\/\/kansanmusiikki-instituutti.fi\/2025\/05\/02\/konsta-jylha-kilpailun-ilmoittautuminen-jatkuu-22-5-asti\/#primaryimage\",\"url\":\"https:\/\/kansanmusiikki-instituutti.fi\/wp-content\/uploads\/2023\/06\/orig_15519.jpg\",\"contentUrl\":\"https:\/\/kansanmusiikki-instituutti.fi\/wp-content\/uploads\/2023\/06\/orig_15519.jpg\",\"width\":1800,\"height\":1198,\"caption\":\"Kaustisen kansanmusiikkijuhlat 2018. Konsta Jylh\u00e4 -kilpailun palkintojenjako.\"},{\"@type\":\"BreadcrumbList\",\"@id\":\"https:\/\/kansanmusiikki-instituutti.fi\/2025\/05\/02\/konsta-jylha-kilpailun-ilmoittautuminen-jatkuu-22-5-asti\/#breadcrumb\",\"itemListElement\":[{\"@type\":\"ListItem\",\"position\":1,\"name\":\"Home\",\"item\":\"https:\/\/kansanmusiikki-instituutti.fi\/\"},{\"@type\":\"ListItem\",\"position\":2,\"name\":\"Konsta Jylh\u00e4 -kilpailun ilmoittautuminen jatkuu 22.5. asti\"}]},{\"@type\":\"WebSite\",\"@id\":\"https:\/\/kansanmusiikki-instituutti.fi\/#website\",\"url\":\"https:\/\/kansanmusiikki-instituutti.fi\/\",\"name\":\"Kansanmusiikki-instituutti\",\"description\":\"Finnish Folk Music Institute\",\"potentialAction\":[{\"@type\":\"SearchAction\",\"target\":{\"@type\":\"EntryPoint\",\"urlTemplate\":\"https:\/\/kansanmusiikki-instituutti.fi\/?s={search_term_string}\"},\"query-input\":{\"@type\":\"PropertyValueSpecification\",\"valueRequired\":true,\"valueName\":\"search_term_string\"}}],\"inLanguage\":\"en-GB\"},{\"@type\":\"Person\",\"@id\":\"https:\/\/kansanmusiikki-instituutti.fi\/#\/schema\/person\/4aa7ba4a12aa17de1d24ef47d39771c8\",\"name\":\"Lauri\",\"image\":{\"@type\":\"ImageObject\",\"inLanguage\":\"en-GB\",\"@id\":\"https:\/\/kansanmusiikki-instituutti.fi\/#\/schema\/person\/image\/\",\"url\":\"https:\/\/secure.gravatar.com\/avatar\/b16797c3886605198ad20c0d234781097185f061211a69f0f0e8c5382db1b8e0?s=96&d=mm&r=g\",\"contentUrl\":\"https:\/\/secure.gravatar.com\/avatar\/b16797c3886605198ad20c0d234781097185f061211a69f0f0e8c5382db1b8e0?s=96&d=mm&r=g\",\"caption\":\"Lauri\"},\"url\":\"https:\/\/kansanmusiikki-instituutti.fi\/en\/author\/lauri\/\"}]}<\/script>\n<!-- \/ Yoast SEO plugin. -->","yoast_head_json":{"title":"Konsta Jylh\u00e4 -kilpailun ilmoittautuminen jatkuu 22.5. asti - Kansanmusiikki-instituutti","robots":{"index":"index","follow":"follow","max-snippet":"max-snippet:-1","max-image-preview":"max-image-preview:large","max-video-preview":"max-video-preview:-1"},"canonical":"https:\/\/kansanmusiikki-instituutti.fi\/en\/2025\/05\/02\/konsta-jylha-kilpailun-ilmoittautuminen-jatkuu-22-5-asti\/","og_locale":"en_GB","og_type":"article","og_title":"Konsta Jylh\u00e4 -kilpailun ilmoittautuminen jatkuu 22.5. asti - Kansanmusiikki-instituutti","og_description":"Kansanmusiikki-instituutti ja Pelimannitalo ovat vuodesta 2010 alkaen j\u00e4rjest\u00e4neet yhdess\u00e4 kansanmusiikin Konsta Jylh\u00e4 -kilpailun, jonka finaali k\u00e4yd\u00e4\u00e4n Pelimannitalossa osana Kaustisen kansanmusiikkijuhlien ohjelmaa. Kilpailun teema vaihtelee vuosittain. 14. Konsta Jylh\u00e4 -kilpailun ilmoittautuminen on k\u00e4ynniss\u00e4 22.5. asti. Kilpailu on t\u00e4n\u00e4 vuonna pienyhtyeille, ja teemana on kilpailun nimikkos\u00e4velt\u00e4j\u00e4n Konsta Jylh\u00e4n tuotanto. Kisan finaali k\u00e4yd\u00e4\u00e4n Kaustisen kansanmusiikkijuhlilla 7.-8.7.2025. Kilpailun s\u00e4\u00e4nn\u00f6t [&hellip;]","og_url":"https:\/\/kansanmusiikki-instituutti.fi\/en\/2025\/05\/02\/konsta-jylha-kilpailun-ilmoittautuminen-jatkuu-22-5-asti\/","og_site_name":"Kansanmusiikki-instituutti","article_published_time":"2025-05-02T10:19:36+00:00","article_modified_time":"2025-06-02T09:38:33+00:00","og_image":[{"width":1800,"height":1198,"url":"https:\/\/kansanmusiikki-instituutti.fi\/wp-content\/uploads\/2023\/06\/orig_15519.jpg","type":"image\/jpeg"}],"author":"Lauri","twitter_card":"summary_large_image","twitter_misc":{"Written by":"Lauri","Estimated reading time":"1 minute"},"schema":{"@context":"https:\/\/schema.org","@graph":[{"@type":"Article","@id":"https:\/\/kansanmusiikki-instituutti.fi\/2025\/05\/02\/konsta-jylha-kilpailun-ilmoittautuminen-jatkuu-22-5-asti\/#article","isPartOf":{"@id":"https:\/\/kansanmusiikki-instituutti.fi\/2025\/05\/02\/konsta-jylha-kilpailun-ilmoittautuminen-jatkuu-22-5-asti\/"},"author":{"name":"Lauri","@id":"https:\/\/kansanmusiikki-instituutti.fi\/#\/schema\/person\/4aa7ba4a12aa17de1d24ef47d39771c8"},"headline":"Konsta Jylh\u00e4 -kilpailun ilmoittautuminen jatkuu 22.5. asti","datePublished":"2025-05-02T10:19:36+00:00","dateModified":"2025-06-02T09:38:33+00:00","mainEntityOfPage":{"@id":"https:\/\/kansanmusiikki-instituutti.fi\/2025\/05\/02\/konsta-jylha-kilpailun-ilmoittautuminen-jatkuu-22-5-asti\/"},"wordCount":74,"image":{"@id":"https:\/\/kansanmusiikki-instituutti.fi\/2025\/05\/02\/konsta-jylha-kilpailun-ilmoittautuminen-jatkuu-22-5-asti\/#primaryimage"},"thumbnailUrl":"https:\/\/kansanmusiikki-instituutti.fi\/wp-content\/uploads\/2023\/06\/orig_15519.jpg","articleSection":["Uncategorized"],"inLanguage":"en-GB"},{"@type":"WebPage","@id":"https:\/\/kansanmusiikki-instituutti.fi\/2025\/05\/02\/konsta-jylha-kilpailun-ilmoittautuminen-jatkuu-22-5-asti\/","url":"https:\/\/kansanmusiikki-instituutti.fi\/2025\/05\/02\/konsta-jylha-kilpailun-ilmoittautuminen-jatkuu-22-5-asti\/","name":"Konsta Jylh\u00e4 -kilpailun ilmoittautuminen jatkuu 22.5. asti - Kansanmusiikki-instituutti","isPartOf":{"@id":"https:\/\/kansanmusiikki-instituutti.fi\/#website"},"primaryImageOfPage":{"@id":"https:\/\/kansanmusiikki-instituutti.fi\/2025\/05\/02\/konsta-jylha-kilpailun-ilmoittautuminen-jatkuu-22-5-asti\/#primaryimage"},"image":{"@id":"https:\/\/kansanmusiikki-instituutti.fi\/2025\/05\/02\/konsta-jylha-kilpailun-ilmoittautuminen-jatkuu-22-5-asti\/#primaryimage"},"thumbnailUrl":"https:\/\/kansanmusiikki-instituutti.fi\/wp-content\/uploads\/2023\/06\/orig_15519.jpg","datePublished":"2025-05-02T10:19:36+00:00","dateModified":"2025-06-02T09:38:33+00:00","author":{"@id":"https:\/\/kansanmusiikki-instituutti.fi\/#\/schema\/person\/4aa7ba4a12aa17de1d24ef47d39771c8"},"breadcrumb":{"@id":"https:\/\/kansanmusiikki-instituutti.fi\/2025\/05\/02\/konsta-jylha-kilpailun-ilmoittautuminen-jatkuu-22-5-asti\/#breadcrumb"},"inLanguage":"en-GB","potentialAction":[{"@type":"ReadAction","target":["https:\/\/kansanmusiikki-instituutti.fi\/2025\/05\/02\/konsta-jylha-kilpailun-ilmoittautuminen-jatkuu-22-5-asti\/"]}]},{"@type":"ImageObject","inLanguage":"en-GB","@id":"https:\/\/kansanmusiikki-instituutti.fi\/2025\/05\/02\/konsta-jylha-kilpailun-ilmoittautuminen-jatkuu-22-5-asti\/#primaryimage","url":"https:\/\/kansanmusiikki-instituutti.fi\/wp-content\/uploads\/2023\/06\/orig_15519.jpg","contentUrl":"https:\/\/kansanmusiikki-instituutti.fi\/wp-content\/uploads\/2023\/06\/orig_15519.jpg","width":1800,"height":1198,"caption":"Kaustisen kansanmusiikkijuhlat 2018. Konsta Jylh\u00e4 -kilpailun palkintojenjako."},{"@type":"BreadcrumbList","@id":"https:\/\/kansanmusiikki-instituutti.fi\/2025\/05\/02\/konsta-jylha-kilpailun-ilmoittautuminen-jatkuu-22-5-asti\/#breadcrumb","itemListElement":[{"@type":"ListItem","position":1,"name":"Home","item":"https:\/\/kansanmusiikki-instituutti.fi\/"},{"@type":"ListItem","position":2,"name":"Konsta Jylh\u00e4 -kilpailun ilmoittautuminen jatkuu 22.5. asti"}]},{"@type":"WebSite","@id":"https:\/\/kansanmusiikki-instituutti.fi\/#website","url":"https:\/\/kansanmusiikki-instituutti.fi\/","name":"The Finnish Folk Music Institute","description":"Finnish Folk Music Institute","potentialAction":[{"@type":"SearchAction","target":{"@type":"EntryPoint","urlTemplate":"https:\/\/kansanmusiikki-instituutti.fi\/?s={search_term_string}"},"query-input":{"@type":"PropertyValueSpecification","valueRequired":true,"valueName":"search_term_string"}}],"inLanguage":"en-GB"},{"@type":"Person","@id":"https:\/\/kansanmusiikki-instituutti.fi\/#\/schema\/person\/4aa7ba4a12aa17de1d24ef47d39771c8","name":"Lauri","image":{"@type":"ImageObject","inLanguage":"en-GB","@id":"https:\/\/kansanmusiikki-instituutti.fi\/#\/schema\/person\/image\/","url":"https:\/\/secure.gravatar.com\/avatar\/b16797c3886605198ad20c0d234781097185f061211a69f0f0e8c5382db1b8e0?s=96&d=mm&r=g","contentUrl":"https:\/\/secure.gravatar.com\/avatar\/b16797c3886605198ad20c0d234781097185f061211a69f0f0e8c5382db1b8e0?s=96&d=mm&r=g","caption":"Lauri"},"url":"https:\/\/kansanmusiikki-instituutti.fi\/en\/author\/lauri\/"}]}},"_links":{"self":[{"href":"https:\/\/kansanmusiikki-instituutti.fi\/en\/wp-json\/wp\/v2\/posts\/2971","targetHints":{"allow":["GET"]}}],"collection":[{"href":"https:\/\/kansanmusiikki-instituutti.fi\/en\/wp-json\/wp\/v2\/posts"}],"about":[{"href":"https:\/\/kansanmusiikki-instituutti.fi\/en\/wp-json\/wp\/v2\/types\/post"}],"author":[{"embeddable":true,"href":"https:\/\/kansanmusiikki-instituutti.fi\/en\/wp-json\/wp\/v2\/users\/3"}],"replies":[{"embeddable":true,"href":"https:\/\/kansanmusiikki-instituutti.fi\/en\/wp-json\/wp\/v2\/comments?post=2971"}],"version-history":[{"count":1,"href":"https:\/\/kansanmusiikki-instituutti.fi\/en\/wp-json\/wp\/v2\/posts\/2971\/revisions"}],"predecessor-version":[{"id":2972,"href":"https:\/\/kansanmusiikki-instituutti.fi\/en\/wp-json\/wp\/v2\/posts\/2971\/revisions\/2972"}],"wp:featuredmedia":[{"embeddable":true,"href":"https:\/\/kansanmusiikki-instituutti.fi\/en\/wp-json\/wp\/v2\/media\/2331"}],"wp:attachment":[{"href":"https:\/\/kansanmusiikki-instituutti.fi\/en\/wp-json\/wp\/v2\/media?parent=2971"}],"wp:term":[{"taxonomy":"category","embeddable":true,"href":"https:\/\/kansanmusiikki-instituutti.fi\/en\/wp-json\/wp\/v2\/categories?post=2971"},{"taxonomy":"post_tag","embeddable":true,"href":"https:\/\/kansanmusiikki-instituutti.fi\/en\/wp-json\/wp\/v2\/tags?post=2971"}],"curies":[{"name":"wp","href":"https:\/\/api.w.org\/{rel}","templated":true}]}}