{"id":384,"date":"2011-02-20T16:22:09","date_gmt":"2011-02-20T14:22:09","guid":{"rendered":"http:\/\/www.kansanmusiikki-instituutti.fi\/?p=384"},"modified":"2011-02-20T16:22:09","modified_gmt":"2011-02-20T14:22:09","slug":"simo-westerholmin-muistoa-kunnioittaen","status":"publish","type":"post","link":"https:\/\/kansanmusiikki-instituutti.fi\/en\/2011\/02\/20\/simo-westerholmin-muistoa-kunnioittaen\/","title":{"rendered":"Simo Westerholmin muistoa kunnioittaen"},"content":{"rendered":"<p>Kaustisen, Perhonjokilaakson ja Keski-Pohjanmaan musiikkiel\u00e4m\u00e4\u00e4n vahvasti vaikuttanut filosofian maisteri, kansanmusiikin tutkija Simo Kalevi Westerholm kuoli Keski-Pohjanmaan keskussairaalassa 23. joulukuuta. H\u00e4n oli syntynyt 5. toukokuuta 1945 Satakunnassa, Kiukaisten Paneliassa.<\/p>\n<p>Simo Westerholm aloitti soittamisen nuorena Panelian VPK:n torvisoittokunnassa. Opiskeluaikoinaan h\u00e4n soitti klarinettiaan Turun yliopiston osakuntien puhallinmusiikkiorkesterissa sek\u00e4 oli perustamassa Kyl\u00e4pelimannit-yhtyett\u00e4 vuonna 1973. Opiskelun ohessa Westerholm j\u00e4rjesti lauluiltoja ja hankittu taito n\u00e4kyi monin tavoin my\u00f6hemmin. L\u00e4pi koko el\u00e4m\u00e4ns\u00e4 Westerholm oli verraton juontaja, laulunlaatija, tekstinikkari, murteiden tutkija ja suomen kielen eri vivahteilla leikittelij\u00e4.<\/p>\n<p>Simo Westerholm opiskeli Turun yliopistossa englantilaista filologiaa valmistuen humanististen tieteiden kandidaatiksi 1967. K\u00e4ynnit Erkki Ala-K\u00f6nnin luennoilla vuodesta 1970 muuttivat kuitenkin urasuunnitelmat, kes\u00e4st\u00e4 1971 h\u00e4n alkoi kiert\u00e4\u00e4 Ala-K\u00f6nnin kentt\u00e4retkill\u00e4 eri puolilla Suomea. Opiskelunsa Westerholm p\u00e4\u00e4tti my\u00f6hemmin Tampereen yliopistossa, kun h\u00e4n valmistui maisteriksi etnomusikologia p\u00e4\u00e4aineenaan vuonna 1997.<\/p>\n<p>Varsinaisen el\u00e4m\u00e4nty\u00f6ns\u00e4 Westerholm teki kansanmusiikin tutkijana Kaustisella. Kansanmusiikki-instituutissa h\u00e4n toimi apulaisjohtajana vuodesta 1974 ja my\u00f6hemmin aika ajoin my\u00f6s johtajana. Ennen el\u00e4kkeelle j\u00e4\u00e4mist\u00e4\u00e4n vuonna 2008 h\u00e4n toimi useita vuosia Suomen Kansansoitinmuseon johtajana.<\/p>\n<p>Westerholm toimi pitk\u00e4\u00e4n Kansanmusiikki-lehden p\u00e4\u00e4toimittajana sek\u00e4 toimitti useita omia ja instituutin julkaisuja. Omissa julkaisuissa n\u00e4kyi h\u00e4nen t\u00e4rkeimpi\u00e4 tutkimuskohteitaan: Kaustisen musiikin historia\u00a0<em>(Ju pet, sanoi Santeri)<\/em>, amerikansuomalainen musiikki\u00a0<em>(Reisaavaisen laulu Ameriikkaan)<\/em>\u00a0tai murteentutkimus<em>(Panelias paohataan t\u00e4ll\u00e4\u00e4)<\/em>. Erityisen merkitt\u00e4v\u00e4 asiantuntija Westerholm oli suomalaisen torvisoittoperinteen, pelimannimusiikin eri alueiden, kuplettiperinteen ja musiikin paikallishistorioiden alueilla.<\/p>\n<p>Simo Westerholm oli armoitettu muusikko ja viihdytt\u00e4j\u00e4, laulaja, klarinetisti ja torvensoittaja. Kaustisella h\u00e4n toimi Kansanmusiikki-instituutin ymp\u00e4rille syntyneess\u00e4 yhtyeess\u00e4 Fedja Happo sek\u00e4 J\u00e4rvel\u00e4n miesten yhtyeess\u00e4 Hot Club de Kairela. Hot Club oli varsinainen vetonumero, kun se 1980-luvulla yhdisti ikimuistettavalla tavalla jatsin, vanhemman tanssimusiikin ja kansanmusiikin nautittavaksi yhdistelm\u00e4ksi. Juhlasoitot ravintola Pelimannissa tai festivaalien soitot Kairelan Arvon riihess\u00e4 tai meijerin pihan siltatansseissa kuuluvat monien festivaalivieraiden mielest\u00e4 vaikuttavimpiin muistikuviin. Kaustisen torviseitsikon uusi el\u00e4m\u00e4 alkoi Westerholmin aloitteesta vuonna 1980. Seitsikko toimikin sitten aktiivisesti jokilaakson juhlissa kolmisenkymment\u00e4 vuotta.<\/p>\n<p>Westerholmin vaikutus Perhonjokilaakson musiikkiel\u00e4m\u00e4\u00e4n nelj\u00e4ll\u00e4 vuosikymmenell\u00e4 on yksi merkitt\u00e4vimmist\u00e4. Ty\u00f6n moninaisuus tuli ilmi perinteentallennuksena, omina julkaisuina, muiden julkaisujen toimitusapuna, musiikkielokuvien k\u00e4sikirjoitus- ja toimitusty\u00f6n\u00e4, paikallisena ja maakunnallisena yhdistystoimintana, festivaalien ohjelmaty\u00f6n suunnitteluna. Yhten\u00e4 esimerkkin\u00e4 suuresta ty\u00f6m\u00e4\u00e4r\u00e4st\u00e4 mainittakoon, ett\u00e4 Radio Avainasemalle h\u00e4n teki 1980-luvun lopulta 1990-luvulle l\u00e4hes 400 paikallista musiikkiohjelmaa.<\/p>\n<p>Simo Westerholm oli uupumaton uuden tiedon hankkija ja j\u00e4rjest\u00e4j\u00e4. T\u00e4m\u00e4n vuoksi h\u00e4n kuului maamme parhaimpiin ja vaikuttavimpiin asiantuntijoihin kansanmusiikin ja laajemminkin kevyen musiikin alueella. Mestaripelimannit ja muut kansanmuusikot Westerholm tunsi tarkkaan ollen heid\u00e4n yst\u00e4v\u00e4ns\u00e4 ja soittokaverinsa. Mestarisoittojen tai Kaustisen tuntien tunnelmasta Pelimannitalon isossa tuvassa h\u00e4n loi ainutlaatuisen sek\u00e4 tiet\u00e4myksell\u00e4\u00e4n sek\u00e4 kyvyll\u00e4\u00e4n keskustella sek\u00e4 pelimannien ett\u00e4 yleis\u00f6n kanssa.<\/p>\n<p>Heikki Laitinen ja Hannu Saha<br \/>\n<em>Kirjoittajat ovat Simo Westerholmin yst\u00e4vi\u00e4 ja vanhoja ty\u00f6tovereita.<\/em><\/p>","protected":false},"excerpt":{"rendered":"<p>Kaustisen, Perhonjokilaakson ja Keski-Pohjanmaan musiikkiel\u00e4m\u00e4\u00e4n vahvasti vaikuttanut filosofian maisteri, kansanmusiikin tutkija Simo Kalevi Westerholm kuoli Keski-Pohjanmaan keskussairaalassa 23. joulukuuta. H\u00e4n oli syntynyt 5. toukokuuta 1945 Satakunnassa, Kiukaisten Paneliassa. Simo Westerholm aloitti soittamisen nuorena Panelian VPK:n torvisoittokunnassa. Opiskeluaikoinaan h\u00e4n soitti klarinettiaan Turun yliopiston osakuntien puhallinmusiikkiorkesterissa sek\u00e4 oli perustamassa Kyl\u00e4pelimannit-yhtyett\u00e4 vuonna 1973. Opiskelun ohessa Westerholm j\u00e4rjesti lauluiltoja [&hellip;]<\/p>\n","protected":false},"author":1,"featured_media":385,"comment_status":"closed","ping_status":"closed","sticky":false,"template":"","format":"standard","meta":{"_et_pb_use_builder":"","_et_pb_old_content":"","_et_gb_content_width":"","footnotes":""},"categories":[3],"tags":[],"class_list":["post-384","post","type-post","status-publish","format-standard","has-post-thumbnail","hentry","category-yleinen"],"yoast_head":"<!-- This site is optimized with the Yoast SEO plugin v27.0 - https:\/\/yoast.com\/product\/yoast-seo-wordpress\/ -->\n<title>Simo Westerholmin muistoa kunnioittaen - Kansanmusiikki-instituutti<\/title>\n<meta name=\"robots\" content=\"index, follow, max-snippet:-1, max-image-preview:large, max-video-preview:-1\" \/>\n<link rel=\"canonical\" href=\"https:\/\/kansanmusiikki-instituutti.fi\/en\/2011\/02\/20\/simo-westerholmin-muistoa-kunnioittaen\/\" \/>\n<meta property=\"og:locale\" content=\"en_GB\" \/>\n<meta property=\"og:type\" content=\"article\" \/>\n<meta property=\"og:title\" content=\"Simo Westerholmin muistoa kunnioittaen - Kansanmusiikki-instituutti\" \/>\n<meta property=\"og:description\" content=\"Kaustisen, Perhonjokilaakson ja Keski-Pohjanmaan musiikkiel\u00e4m\u00e4\u00e4n vahvasti vaikuttanut filosofian maisteri, kansanmusiikin tutkija Simo Kalevi Westerholm kuoli Keski-Pohjanmaan keskussairaalassa 23. joulukuuta. H\u00e4n oli syntynyt 5. toukokuuta 1945 Satakunnassa, Kiukaisten Paneliassa. Simo Westerholm aloitti soittamisen nuorena Panelian VPK:n torvisoittokunnassa. Opiskeluaikoinaan h\u00e4n soitti klarinettiaan Turun yliopiston osakuntien puhallinmusiikkiorkesterissa sek\u00e4 oli perustamassa Kyl\u00e4pelimannit-yhtyett\u00e4 vuonna 1973. Opiskelun ohessa Westerholm j\u00e4rjesti lauluiltoja [&hellip;]\" \/>\n<meta property=\"og:url\" content=\"https:\/\/kansanmusiikki-instituutti.fi\/en\/2011\/02\/20\/simo-westerholmin-muistoa-kunnioittaen\/\" \/>\n<meta property=\"og:site_name\" content=\"Kansanmusiikki-instituutti\" \/>\n<meta property=\"article:published_time\" content=\"2011-02-20T14:22:09+00:00\" \/>\n<meta name=\"author\" content=\"admin\" \/>\n<meta name=\"twitter:card\" content=\"summary_large_image\" \/>\n<meta name=\"twitter:label1\" content=\"Written by\" \/>\n\t<meta name=\"twitter:data1\" content=\"admin\" \/>\n\t<meta name=\"twitter:label2\" content=\"Estimated reading time\" \/>\n\t<meta name=\"twitter:data2\" content=\"2 minutes\" \/>\n<script type=\"application\/ld+json\" class=\"yoast-schema-graph\">{\"@context\":\"https:\/\/schema.org\",\"@graph\":[{\"@type\":\"Article\",\"@id\":\"https:\/\/kansanmusiikki-instituutti.fi\/2011\/02\/20\/simo-westerholmin-muistoa-kunnioittaen\/#article\",\"isPartOf\":{\"@id\":\"https:\/\/kansanmusiikki-instituutti.fi\/2011\/02\/20\/simo-westerholmin-muistoa-kunnioittaen\/\"},\"author\":{\"name\":\"admin\",\"@id\":\"https:\/\/kansanmusiikki-instituutti.fi\/#\/schema\/person\/13c4b703cbd0be911ea9207df0d750b0\"},\"headline\":\"Simo Westerholmin muistoa kunnioittaen\",\"datePublished\":\"2011-02-20T14:22:09+00:00\",\"mainEntityOfPage\":{\"@id\":\"https:\/\/kansanmusiikki-instituutti.fi\/2011\/02\/20\/simo-westerholmin-muistoa-kunnioittaen\/\"},\"wordCount\":470,\"image\":{\"@id\":\"https:\/\/kansanmusiikki-instituutti.fi\/2011\/02\/20\/simo-westerholmin-muistoa-kunnioittaen\/#primaryimage\"},\"thumbnailUrl\":\"\",\"articleSection\":[\"Yleinen\"],\"inLanguage\":\"en-GB\"},{\"@type\":\"WebPage\",\"@id\":\"https:\/\/kansanmusiikki-instituutti.fi\/2011\/02\/20\/simo-westerholmin-muistoa-kunnioittaen\/\",\"url\":\"https:\/\/kansanmusiikki-instituutti.fi\/2011\/02\/20\/simo-westerholmin-muistoa-kunnioittaen\/\",\"name\":\"Simo Westerholmin muistoa kunnioittaen - Kansanmusiikki-instituutti\",\"isPartOf\":{\"@id\":\"https:\/\/kansanmusiikki-instituutti.fi\/#website\"},\"primaryImageOfPage\":{\"@id\":\"https:\/\/kansanmusiikki-instituutti.fi\/2011\/02\/20\/simo-westerholmin-muistoa-kunnioittaen\/#primaryimage\"},\"image\":{\"@id\":\"https:\/\/kansanmusiikki-instituutti.fi\/2011\/02\/20\/simo-westerholmin-muistoa-kunnioittaen\/#primaryimage\"},\"thumbnailUrl\":\"\",\"datePublished\":\"2011-02-20T14:22:09+00:00\",\"author\":{\"@id\":\"https:\/\/kansanmusiikki-instituutti.fi\/#\/schema\/person\/13c4b703cbd0be911ea9207df0d750b0\"},\"breadcrumb\":{\"@id\":\"https:\/\/kansanmusiikki-instituutti.fi\/2011\/02\/20\/simo-westerholmin-muistoa-kunnioittaen\/#breadcrumb\"},\"inLanguage\":\"en-GB\",\"potentialAction\":[{\"@type\":\"ReadAction\",\"target\":[\"https:\/\/kansanmusiikki-instituutti.fi\/2011\/02\/20\/simo-westerholmin-muistoa-kunnioittaen\/\"]}]},{\"@type\":\"ImageObject\",\"inLanguage\":\"en-GB\",\"@id\":\"https:\/\/kansanmusiikki-instituutti.fi\/2011\/02\/20\/simo-westerholmin-muistoa-kunnioittaen\/#primaryimage\",\"url\":\"\",\"contentUrl\":\"\"},{\"@type\":\"BreadcrumbList\",\"@id\":\"https:\/\/kansanmusiikki-instituutti.fi\/2011\/02\/20\/simo-westerholmin-muistoa-kunnioittaen\/#breadcrumb\",\"itemListElement\":[{\"@type\":\"ListItem\",\"position\":1,\"name\":\"Home\",\"item\":\"https:\/\/kansanmusiikki-instituutti.fi\/\"},{\"@type\":\"ListItem\",\"position\":2,\"name\":\"Simo Westerholmin muistoa kunnioittaen\"}]},{\"@type\":\"WebSite\",\"@id\":\"https:\/\/kansanmusiikki-instituutti.fi\/#website\",\"url\":\"https:\/\/kansanmusiikki-instituutti.fi\/\",\"name\":\"Kansanmusiikki-instituutti\",\"description\":\"Finnish Folk Music Institute\",\"potentialAction\":[{\"@type\":\"SearchAction\",\"target\":{\"@type\":\"EntryPoint\",\"urlTemplate\":\"https:\/\/kansanmusiikki-instituutti.fi\/?s={search_term_string}\"},\"query-input\":{\"@type\":\"PropertyValueSpecification\",\"valueRequired\":true,\"valueName\":\"search_term_string\"}}],\"inLanguage\":\"en-GB\"},{\"@type\":\"Person\",\"@id\":\"https:\/\/kansanmusiikki-instituutti.fi\/#\/schema\/person\/13c4b703cbd0be911ea9207df0d750b0\",\"name\":\"admin\",\"image\":{\"@type\":\"ImageObject\",\"inLanguage\":\"en-GB\",\"@id\":\"https:\/\/kansanmusiikki-instituutti.fi\/#\/schema\/person\/image\/\",\"url\":\"https:\/\/secure.gravatar.com\/avatar\/2bc07cb6b4886e8817b342f2d1a95f037d049f9a8e9770d7b28c1c6baa6129bf?s=96&d=mm&r=g\",\"contentUrl\":\"https:\/\/secure.gravatar.com\/avatar\/2bc07cb6b4886e8817b342f2d1a95f037d049f9a8e9770d7b28c1c6baa6129bf?s=96&d=mm&r=g\",\"caption\":\"admin\"},\"sameAs\":[\"https:\/\/kansanmusiikki-instituutti.fi\"],\"url\":\"https:\/\/kansanmusiikki-instituutti.fi\/en\/author\/admin\/\"}]}<\/script>\n<!-- \/ Yoast SEO plugin. -->","yoast_head_json":{"title":"Simo Westerholmin muistoa kunnioittaen - Kansanmusiikki-instituutti","robots":{"index":"index","follow":"follow","max-snippet":"max-snippet:-1","max-image-preview":"max-image-preview:large","max-video-preview":"max-video-preview:-1"},"canonical":"https:\/\/kansanmusiikki-instituutti.fi\/en\/2011\/02\/20\/simo-westerholmin-muistoa-kunnioittaen\/","og_locale":"en_GB","og_type":"article","og_title":"Simo Westerholmin muistoa kunnioittaen - Kansanmusiikki-instituutti","og_description":"Kaustisen, Perhonjokilaakson ja Keski-Pohjanmaan musiikkiel\u00e4m\u00e4\u00e4n vahvasti vaikuttanut filosofian maisteri, kansanmusiikin tutkija Simo Kalevi Westerholm kuoli Keski-Pohjanmaan keskussairaalassa 23. joulukuuta. H\u00e4n oli syntynyt 5. toukokuuta 1945 Satakunnassa, Kiukaisten Paneliassa. Simo Westerholm aloitti soittamisen nuorena Panelian VPK:n torvisoittokunnassa. Opiskeluaikoinaan h\u00e4n soitti klarinettiaan Turun yliopiston osakuntien puhallinmusiikkiorkesterissa sek\u00e4 oli perustamassa Kyl\u00e4pelimannit-yhtyett\u00e4 vuonna 1973. Opiskelun ohessa Westerholm j\u00e4rjesti lauluiltoja [&hellip;]","og_url":"https:\/\/kansanmusiikki-instituutti.fi\/en\/2011\/02\/20\/simo-westerholmin-muistoa-kunnioittaen\/","og_site_name":"Kansanmusiikki-instituutti","article_published_time":"2011-02-20T14:22:09+00:00","author":"admin","twitter_card":"summary_large_image","twitter_misc":{"Written by":"admin","Estimated reading time":"2 minutes"},"schema":{"@context":"https:\/\/schema.org","@graph":[{"@type":"Article","@id":"https:\/\/kansanmusiikki-instituutti.fi\/2011\/02\/20\/simo-westerholmin-muistoa-kunnioittaen\/#article","isPartOf":{"@id":"https:\/\/kansanmusiikki-instituutti.fi\/2011\/02\/20\/simo-westerholmin-muistoa-kunnioittaen\/"},"author":{"name":"admin","@id":"https:\/\/kansanmusiikki-instituutti.fi\/#\/schema\/person\/13c4b703cbd0be911ea9207df0d750b0"},"headline":"Simo Westerholmin muistoa kunnioittaen","datePublished":"2011-02-20T14:22:09+00:00","mainEntityOfPage":{"@id":"https:\/\/kansanmusiikki-instituutti.fi\/2011\/02\/20\/simo-westerholmin-muistoa-kunnioittaen\/"},"wordCount":470,"image":{"@id":"https:\/\/kansanmusiikki-instituutti.fi\/2011\/02\/20\/simo-westerholmin-muistoa-kunnioittaen\/#primaryimage"},"thumbnailUrl":"","articleSection":["Yleinen"],"inLanguage":"en-GB"},{"@type":"WebPage","@id":"https:\/\/kansanmusiikki-instituutti.fi\/2011\/02\/20\/simo-westerholmin-muistoa-kunnioittaen\/","url":"https:\/\/kansanmusiikki-instituutti.fi\/2011\/02\/20\/simo-westerholmin-muistoa-kunnioittaen\/","name":"Simo Westerholmin muistoa kunnioittaen - Kansanmusiikki-instituutti","isPartOf":{"@id":"https:\/\/kansanmusiikki-instituutti.fi\/#website"},"primaryImageOfPage":{"@id":"https:\/\/kansanmusiikki-instituutti.fi\/2011\/02\/20\/simo-westerholmin-muistoa-kunnioittaen\/#primaryimage"},"image":{"@id":"https:\/\/kansanmusiikki-instituutti.fi\/2011\/02\/20\/simo-westerholmin-muistoa-kunnioittaen\/#primaryimage"},"thumbnailUrl":"","datePublished":"2011-02-20T14:22:09+00:00","author":{"@id":"https:\/\/kansanmusiikki-instituutti.fi\/#\/schema\/person\/13c4b703cbd0be911ea9207df0d750b0"},"breadcrumb":{"@id":"https:\/\/kansanmusiikki-instituutti.fi\/2011\/02\/20\/simo-westerholmin-muistoa-kunnioittaen\/#breadcrumb"},"inLanguage":"en-GB","potentialAction":[{"@type":"ReadAction","target":["https:\/\/kansanmusiikki-instituutti.fi\/2011\/02\/20\/simo-westerholmin-muistoa-kunnioittaen\/"]}]},{"@type":"ImageObject","inLanguage":"en-GB","@id":"https:\/\/kansanmusiikki-instituutti.fi\/2011\/02\/20\/simo-westerholmin-muistoa-kunnioittaen\/#primaryimage","url":"","contentUrl":""},{"@type":"BreadcrumbList","@id":"https:\/\/kansanmusiikki-instituutti.fi\/2011\/02\/20\/simo-westerholmin-muistoa-kunnioittaen\/#breadcrumb","itemListElement":[{"@type":"ListItem","position":1,"name":"Home","item":"https:\/\/kansanmusiikki-instituutti.fi\/"},{"@type":"ListItem","position":2,"name":"Simo Westerholmin muistoa kunnioittaen"}]},{"@type":"WebSite","@id":"https:\/\/kansanmusiikki-instituutti.fi\/#website","url":"https:\/\/kansanmusiikki-instituutti.fi\/","name":"The Finnish Folk Music Institute","description":"Finnish Folk Music Institute","potentialAction":[{"@type":"SearchAction","target":{"@type":"EntryPoint","urlTemplate":"https:\/\/kansanmusiikki-instituutti.fi\/?s={search_term_string}"},"query-input":{"@type":"PropertyValueSpecification","valueRequired":true,"valueName":"search_term_string"}}],"inLanguage":"en-GB"},{"@type":"Person","@id":"https:\/\/kansanmusiikki-instituutti.fi\/#\/schema\/person\/13c4b703cbd0be911ea9207df0d750b0","name":"admin","image":{"@type":"ImageObject","inLanguage":"en-GB","@id":"https:\/\/kansanmusiikki-instituutti.fi\/#\/schema\/person\/image\/","url":"https:\/\/secure.gravatar.com\/avatar\/2bc07cb6b4886e8817b342f2d1a95f037d049f9a8e9770d7b28c1c6baa6129bf?s=96&d=mm&r=g","contentUrl":"https:\/\/secure.gravatar.com\/avatar\/2bc07cb6b4886e8817b342f2d1a95f037d049f9a8e9770d7b28c1c6baa6129bf?s=96&d=mm&r=g","caption":"admin"},"sameAs":["https:\/\/kansanmusiikki-instituutti.fi"],"url":"https:\/\/kansanmusiikki-instituutti.fi\/en\/author\/admin\/"}]}},"_links":{"self":[{"href":"https:\/\/kansanmusiikki-instituutti.fi\/en\/wp-json\/wp\/v2\/posts\/384","targetHints":{"allow":["GET"]}}],"collection":[{"href":"https:\/\/kansanmusiikki-instituutti.fi\/en\/wp-json\/wp\/v2\/posts"}],"about":[{"href":"https:\/\/kansanmusiikki-instituutti.fi\/en\/wp-json\/wp\/v2\/types\/post"}],"author":[{"embeddable":true,"href":"https:\/\/kansanmusiikki-instituutti.fi\/en\/wp-json\/wp\/v2\/users\/1"}],"replies":[{"embeddable":true,"href":"https:\/\/kansanmusiikki-instituutti.fi\/en\/wp-json\/wp\/v2\/comments?post=384"}],"version-history":[{"count":0,"href":"https:\/\/kansanmusiikki-instituutti.fi\/en\/wp-json\/wp\/v2\/posts\/384\/revisions"}],"wp:featuredmedia":[{"embeddable":true,"href":"https:\/\/kansanmusiikki-instituutti.fi\/en\/wp-json\/"}],"wp:attachment":[{"href":"https:\/\/kansanmusiikki-instituutti.fi\/en\/wp-json\/wp\/v2\/media?parent=384"}],"wp:term":[{"taxonomy":"category","embeddable":true,"href":"https:\/\/kansanmusiikki-instituutti.fi\/en\/wp-json\/wp\/v2\/categories?post=384"},{"taxonomy":"post_tag","embeddable":true,"href":"https:\/\/kansanmusiikki-instituutti.fi\/en\/wp-json\/wp\/v2\/tags?post=384"}],"curies":[{"name":"wp","href":"https:\/\/api.w.org\/{rel}","templated":true}]}}