{"id":387,"date":"2011-03-11T16:27:18","date_gmt":"2011-03-11T14:27:18","guid":{"rendered":"http:\/\/www.kansanmusiikki-instituutti.fi\/?p=387"},"modified":"2011-03-11T16:27:18","modified_gmt":"2011-03-11T14:27:18","slug":"tallarin-upea-juhlalevy-on-taalla","status":"publish","type":"post","link":"https:\/\/kansanmusiikki-instituutti.fi\/en\/2011\/03\/11\/tallarin-upea-juhlalevy-on-taalla\/","title":{"rendered":"Tallarin upea juhlalevy on t\u00e4\u00e4ll\u00e4!"},"content":{"rendered":"<p>Kansanmusiikkiyhtye Tallarin uusi tuplalevy Sinisi\u00e4 puita on nyt saatavilla! Yhtye julkaisi Kansanmusiikki-instituutin kanssa yhteisty\u00f6n\u00e4 tehdyn juhlalevyn Samuelin poloneesissa perjantaina 11.3.<\/p>\n<p><em>&#8221;Tallari on ainutlaatuinen -on ollut jo 25 vuotta! Juhlaansa se kunnioittaa t\u00e4ll\u00e4 hienolla levyll\u00e4, joka on runsas ja monipuolinen kattaus Tallaria parhaimmillaan. Mukana on pelimannis\u00e4velmien parhaita polskista polkkiin, lyyrisi\u00e4 ja karheampia kansanlauluja, Kaustisen klassikoita, tunnettuja ja tuntemattomampia aarteita kansanmusiikkiarkistoista, suomalaisen populaarimusiikin varhaisia ja omaper\u00e4isi\u00e4 tanssimusiikin helmi\u00e4 sek\u00e4 tietenkin yhtyeen j\u00e4senten omia tyylikk\u00e4it\u00e4 s\u00e4vellyksi\u00e4 ja sovituksia.<\/em><em>&#8221;<\/em><\/p>\n<h4>(Teksti: Hannu Saha)<\/h4>\n<p>Tallari on Kaustisella Kansantaiteenkeskuksessa p\u00e4\u00e4majaansa pit\u00e4v\u00e4 kansanmusiikin ammattilaisyhtye.<\/p>\n<p>Yhtyeeseen kuuluvat:<br \/>\n&#8211; Ritva Talvitie (viulu, jouhikko, laulu ja 2-rivinen haitari)<br \/>\n&#8211; Timo Valo (harmoni ja kontrabasso).<br \/>\n&#8211; Pauliina Kumpulainen (laulu ja 5-rivinen haitari)<br \/>\n&#8211; Antti Hosioja (haitarit ja kontrabasso)<\/p>\n<p>&nbsp;<\/p>\n<p>Raidat:<\/p>\n<div>\n<p>CD 1<\/p>\n<p>1. P\u00e4ruspolskan<br \/>\n2. Kuin pimi\u00e4 pilvenreuna<br \/>\n3. H\u00e4\u00e4matka<br \/>\n4. K\u00e4ki-Jaakon polkka<br \/>\n5. Tawallinen morsian tansi<br \/>\n6. Pelsos gubbin<br \/>\n7. Av l\u00e4ngtan till dig<br \/>\n8. Sinisi\u00e4 puita<br \/>\n9. Siperia<br \/>\n10. Laulava syd\u00e4n<br \/>\n11. Rakkauden aika<br \/>\n12. Tziganaiset<\/p>\n<p>&nbsp;<\/p>\n<\/div>\n<div>\n<p>CD 2<\/p>\n<p>1. Poloneesi ja polska<br \/>\n2. \u00c4idin sateenkaari<br \/>\n3. Voi kuinka hauska<br \/>\n4. Tiilan rallatuksia<br \/>\n5. Tallarin marssi<br \/>\n6. Outoveden valssi<br \/>\n7. Pygmilaulu<br \/>\n8. V\u00e5rens v\u00e4na gr\u00f6nska g\u00e5r<br \/>\n9. Pieni mollipolska<br \/>\n10. Verkoilla<br \/>\n11. Sikojen rakkaus<br \/>\n12. Katrin pilhet<\/p>\n<p>&nbsp;<\/p>\n<\/div>","protected":false},"excerpt":{"rendered":"<p>Kansanmusiikkiyhtye Tallarin uusi tuplalevy Sinisi\u00e4 puita on nyt saatavilla! Yhtye julkaisi Kansanmusiikki-instituutin kanssa yhteisty\u00f6n\u00e4 tehdyn juhlalevyn Samuelin poloneesissa perjantaina 11.3. &#8221;Tallari on ainutlaatuinen -on ollut jo 25 vuotta! Juhlaansa se kunnioittaa t\u00e4ll\u00e4 hienolla levyll\u00e4, joka on runsas ja monipuolinen kattaus Tallaria parhaimmillaan. Mukana on pelimannis\u00e4velmien parhaita polskista polkkiin, lyyrisi\u00e4 ja karheampia kansanlauluja, Kaustisen klassikoita, tunnettuja [&hellip;]<\/p>\n","protected":false},"author":1,"featured_media":388,"comment_status":"closed","ping_status":"closed","sticky":false,"template":"","format":"standard","meta":{"_et_pb_use_builder":"","_et_pb_old_content":"","_et_gb_content_width":"","footnotes":""},"categories":[2,3],"tags":[],"class_list":["post-387","post","type-post","status-publish","format-standard","has-post-thumbnail","hentry","category-julkaisut","category-yleinen"],"yoast_head":"<!-- This site is optimized with the Yoast SEO plugin v27.0 - https:\/\/yoast.com\/product\/yoast-seo-wordpress\/ -->\n<title>Tallarin upea juhlalevy on t\u00e4\u00e4ll\u00e4! - Kansanmusiikki-instituutti<\/title>\n<meta name=\"robots\" content=\"index, follow, max-snippet:-1, max-image-preview:large, max-video-preview:-1\" \/>\n<link rel=\"canonical\" href=\"https:\/\/kansanmusiikki-instituutti.fi\/en\/2011\/03\/11\/tallarin-upea-juhlalevy-on-taalla\/\" \/>\n<meta property=\"og:locale\" content=\"en_GB\" \/>\n<meta property=\"og:type\" content=\"article\" \/>\n<meta property=\"og:title\" content=\"Tallarin upea juhlalevy on t\u00e4\u00e4ll\u00e4! - Kansanmusiikki-instituutti\" \/>\n<meta property=\"og:description\" content=\"Kansanmusiikkiyhtye Tallarin uusi tuplalevy Sinisi\u00e4 puita on nyt saatavilla! Yhtye julkaisi Kansanmusiikki-instituutin kanssa yhteisty\u00f6n\u00e4 tehdyn juhlalevyn Samuelin poloneesissa perjantaina 11.3. &#8221;Tallari on ainutlaatuinen -on ollut jo 25 vuotta! Juhlaansa se kunnioittaa t\u00e4ll\u00e4 hienolla levyll\u00e4, joka on runsas ja monipuolinen kattaus Tallaria parhaimmillaan. Mukana on pelimannis\u00e4velmien parhaita polskista polkkiin, lyyrisi\u00e4 ja karheampia kansanlauluja, Kaustisen klassikoita, tunnettuja [&hellip;]\" \/>\n<meta property=\"og:url\" content=\"https:\/\/kansanmusiikki-instituutti.fi\/en\/2011\/03\/11\/tallarin-upea-juhlalevy-on-taalla\/\" \/>\n<meta property=\"og:site_name\" content=\"Kansanmusiikki-instituutti\" \/>\n<meta property=\"article:published_time\" content=\"2011-03-11T14:27:18+00:00\" \/>\n<meta name=\"author\" content=\"admin\" \/>\n<meta name=\"twitter:card\" content=\"summary_large_image\" \/>\n<meta name=\"twitter:label1\" content=\"Written by\" \/>\n\t<meta name=\"twitter:data1\" content=\"admin\" \/>\n\t<meta name=\"twitter:label2\" content=\"Estimated reading time\" \/>\n\t<meta name=\"twitter:data2\" content=\"1 minute\" \/>\n<script type=\"application\/ld+json\" class=\"yoast-schema-graph\">{\"@context\":\"https:\/\/schema.org\",\"@graph\":[{\"@type\":\"Article\",\"@id\":\"https:\/\/kansanmusiikki-instituutti.fi\/2011\/03\/11\/tallarin-upea-juhlalevy-on-taalla\/#article\",\"isPartOf\":{\"@id\":\"https:\/\/kansanmusiikki-instituutti.fi\/2011\/03\/11\/tallarin-upea-juhlalevy-on-taalla\/\"},\"author\":{\"name\":\"admin\",\"@id\":\"https:\/\/kansanmusiikki-instituutti.fi\/#\/schema\/person\/13c4b703cbd0be911ea9207df0d750b0\"},\"headline\":\"Tallarin upea juhlalevy on t\u00e4\u00e4ll\u00e4!\",\"datePublished\":\"2011-03-11T14:27:18+00:00\",\"mainEntityOfPage\":{\"@id\":\"https:\/\/kansanmusiikki-instituutti.fi\/2011\/03\/11\/tallarin-upea-juhlalevy-on-taalla\/\"},\"wordCount\":194,\"image\":{\"@id\":\"https:\/\/kansanmusiikki-instituutti.fi\/2011\/03\/11\/tallarin-upea-juhlalevy-on-taalla\/#primaryimage\"},\"thumbnailUrl\":\"\",\"articleSection\":[\"Julkaisut\",\"Yleinen\"],\"inLanguage\":\"en-GB\"},{\"@type\":\"WebPage\",\"@id\":\"https:\/\/kansanmusiikki-instituutti.fi\/2011\/03\/11\/tallarin-upea-juhlalevy-on-taalla\/\",\"url\":\"https:\/\/kansanmusiikki-instituutti.fi\/2011\/03\/11\/tallarin-upea-juhlalevy-on-taalla\/\",\"name\":\"Tallarin upea juhlalevy on t\u00e4\u00e4ll\u00e4! - Kansanmusiikki-instituutti\",\"isPartOf\":{\"@id\":\"https:\/\/kansanmusiikki-instituutti.fi\/#website\"},\"primaryImageOfPage\":{\"@id\":\"https:\/\/kansanmusiikki-instituutti.fi\/2011\/03\/11\/tallarin-upea-juhlalevy-on-taalla\/#primaryimage\"},\"image\":{\"@id\":\"https:\/\/kansanmusiikki-instituutti.fi\/2011\/03\/11\/tallarin-upea-juhlalevy-on-taalla\/#primaryimage\"},\"thumbnailUrl\":\"\",\"datePublished\":\"2011-03-11T14:27:18+00:00\",\"author\":{\"@id\":\"https:\/\/kansanmusiikki-instituutti.fi\/#\/schema\/person\/13c4b703cbd0be911ea9207df0d750b0\"},\"breadcrumb\":{\"@id\":\"https:\/\/kansanmusiikki-instituutti.fi\/2011\/03\/11\/tallarin-upea-juhlalevy-on-taalla\/#breadcrumb\"},\"inLanguage\":\"en-GB\",\"potentialAction\":[{\"@type\":\"ReadAction\",\"target\":[\"https:\/\/kansanmusiikki-instituutti.fi\/2011\/03\/11\/tallarin-upea-juhlalevy-on-taalla\/\"]}]},{\"@type\":\"ImageObject\",\"inLanguage\":\"en-GB\",\"@id\":\"https:\/\/kansanmusiikki-instituutti.fi\/2011\/03\/11\/tallarin-upea-juhlalevy-on-taalla\/#primaryimage\",\"url\":\"\",\"contentUrl\":\"\"},{\"@type\":\"BreadcrumbList\",\"@id\":\"https:\/\/kansanmusiikki-instituutti.fi\/2011\/03\/11\/tallarin-upea-juhlalevy-on-taalla\/#breadcrumb\",\"itemListElement\":[{\"@type\":\"ListItem\",\"position\":1,\"name\":\"Home\",\"item\":\"https:\/\/kansanmusiikki-instituutti.fi\/\"},{\"@type\":\"ListItem\",\"position\":2,\"name\":\"Tallarin upea juhlalevy on t\u00e4\u00e4ll\u00e4!\"}]},{\"@type\":\"WebSite\",\"@id\":\"https:\/\/kansanmusiikki-instituutti.fi\/#website\",\"url\":\"https:\/\/kansanmusiikki-instituutti.fi\/\",\"name\":\"Kansanmusiikki-instituutti\",\"description\":\"Finnish Folk Music Institute\",\"potentialAction\":[{\"@type\":\"SearchAction\",\"target\":{\"@type\":\"EntryPoint\",\"urlTemplate\":\"https:\/\/kansanmusiikki-instituutti.fi\/?s={search_term_string}\"},\"query-input\":{\"@type\":\"PropertyValueSpecification\",\"valueRequired\":true,\"valueName\":\"search_term_string\"}}],\"inLanguage\":\"en-GB\"},{\"@type\":\"Person\",\"@id\":\"https:\/\/kansanmusiikki-instituutti.fi\/#\/schema\/person\/13c4b703cbd0be911ea9207df0d750b0\",\"name\":\"admin\",\"image\":{\"@type\":\"ImageObject\",\"inLanguage\":\"en-GB\",\"@id\":\"https:\/\/kansanmusiikki-instituutti.fi\/#\/schema\/person\/image\/\",\"url\":\"https:\/\/secure.gravatar.com\/avatar\/2bc07cb6b4886e8817b342f2d1a95f037d049f9a8e9770d7b28c1c6baa6129bf?s=96&d=mm&r=g\",\"contentUrl\":\"https:\/\/secure.gravatar.com\/avatar\/2bc07cb6b4886e8817b342f2d1a95f037d049f9a8e9770d7b28c1c6baa6129bf?s=96&d=mm&r=g\",\"caption\":\"admin\"},\"sameAs\":[\"https:\/\/kansanmusiikki-instituutti.fi\"],\"url\":\"https:\/\/kansanmusiikki-instituutti.fi\/en\/author\/admin\/\"}]}<\/script>\n<!-- \/ Yoast SEO plugin. -->","yoast_head_json":{"title":"Tallarin upea juhlalevy on t\u00e4\u00e4ll\u00e4! - Kansanmusiikki-instituutti","robots":{"index":"index","follow":"follow","max-snippet":"max-snippet:-1","max-image-preview":"max-image-preview:large","max-video-preview":"max-video-preview:-1"},"canonical":"https:\/\/kansanmusiikki-instituutti.fi\/en\/2011\/03\/11\/tallarin-upea-juhlalevy-on-taalla\/","og_locale":"en_GB","og_type":"article","og_title":"Tallarin upea juhlalevy on t\u00e4\u00e4ll\u00e4! - Kansanmusiikki-instituutti","og_description":"Kansanmusiikkiyhtye Tallarin uusi tuplalevy Sinisi\u00e4 puita on nyt saatavilla! Yhtye julkaisi Kansanmusiikki-instituutin kanssa yhteisty\u00f6n\u00e4 tehdyn juhlalevyn Samuelin poloneesissa perjantaina 11.3. &#8221;Tallari on ainutlaatuinen -on ollut jo 25 vuotta! Juhlaansa se kunnioittaa t\u00e4ll\u00e4 hienolla levyll\u00e4, joka on runsas ja monipuolinen kattaus Tallaria parhaimmillaan. Mukana on pelimannis\u00e4velmien parhaita polskista polkkiin, lyyrisi\u00e4 ja karheampia kansanlauluja, Kaustisen klassikoita, tunnettuja [&hellip;]","og_url":"https:\/\/kansanmusiikki-instituutti.fi\/en\/2011\/03\/11\/tallarin-upea-juhlalevy-on-taalla\/","og_site_name":"Kansanmusiikki-instituutti","article_published_time":"2011-03-11T14:27:18+00:00","author":"admin","twitter_card":"summary_large_image","twitter_misc":{"Written by":"admin","Estimated reading time":"1 minute"},"schema":{"@context":"https:\/\/schema.org","@graph":[{"@type":"Article","@id":"https:\/\/kansanmusiikki-instituutti.fi\/2011\/03\/11\/tallarin-upea-juhlalevy-on-taalla\/#article","isPartOf":{"@id":"https:\/\/kansanmusiikki-instituutti.fi\/2011\/03\/11\/tallarin-upea-juhlalevy-on-taalla\/"},"author":{"name":"admin","@id":"https:\/\/kansanmusiikki-instituutti.fi\/#\/schema\/person\/13c4b703cbd0be911ea9207df0d750b0"},"headline":"Tallarin upea juhlalevy on t\u00e4\u00e4ll\u00e4!","datePublished":"2011-03-11T14:27:18+00:00","mainEntityOfPage":{"@id":"https:\/\/kansanmusiikki-instituutti.fi\/2011\/03\/11\/tallarin-upea-juhlalevy-on-taalla\/"},"wordCount":194,"image":{"@id":"https:\/\/kansanmusiikki-instituutti.fi\/2011\/03\/11\/tallarin-upea-juhlalevy-on-taalla\/#primaryimage"},"thumbnailUrl":"","articleSection":["Julkaisut","Yleinen"],"inLanguage":"en-GB"},{"@type":"WebPage","@id":"https:\/\/kansanmusiikki-instituutti.fi\/2011\/03\/11\/tallarin-upea-juhlalevy-on-taalla\/","url":"https:\/\/kansanmusiikki-instituutti.fi\/2011\/03\/11\/tallarin-upea-juhlalevy-on-taalla\/","name":"Tallarin upea juhlalevy on t\u00e4\u00e4ll\u00e4! - Kansanmusiikki-instituutti","isPartOf":{"@id":"https:\/\/kansanmusiikki-instituutti.fi\/#website"},"primaryImageOfPage":{"@id":"https:\/\/kansanmusiikki-instituutti.fi\/2011\/03\/11\/tallarin-upea-juhlalevy-on-taalla\/#primaryimage"},"image":{"@id":"https:\/\/kansanmusiikki-instituutti.fi\/2011\/03\/11\/tallarin-upea-juhlalevy-on-taalla\/#primaryimage"},"thumbnailUrl":"","datePublished":"2011-03-11T14:27:18+00:00","author":{"@id":"https:\/\/kansanmusiikki-instituutti.fi\/#\/schema\/person\/13c4b703cbd0be911ea9207df0d750b0"},"breadcrumb":{"@id":"https:\/\/kansanmusiikki-instituutti.fi\/2011\/03\/11\/tallarin-upea-juhlalevy-on-taalla\/#breadcrumb"},"inLanguage":"en-GB","potentialAction":[{"@type":"ReadAction","target":["https:\/\/kansanmusiikki-instituutti.fi\/2011\/03\/11\/tallarin-upea-juhlalevy-on-taalla\/"]}]},{"@type":"ImageObject","inLanguage":"en-GB","@id":"https:\/\/kansanmusiikki-instituutti.fi\/2011\/03\/11\/tallarin-upea-juhlalevy-on-taalla\/#primaryimage","url":"","contentUrl":""},{"@type":"BreadcrumbList","@id":"https:\/\/kansanmusiikki-instituutti.fi\/2011\/03\/11\/tallarin-upea-juhlalevy-on-taalla\/#breadcrumb","itemListElement":[{"@type":"ListItem","position":1,"name":"Home","item":"https:\/\/kansanmusiikki-instituutti.fi\/"},{"@type":"ListItem","position":2,"name":"Tallarin upea juhlalevy on t\u00e4\u00e4ll\u00e4!"}]},{"@type":"WebSite","@id":"https:\/\/kansanmusiikki-instituutti.fi\/#website","url":"https:\/\/kansanmusiikki-instituutti.fi\/","name":"The Finnish Folk Music Institute","description":"Finnish Folk Music Institute","potentialAction":[{"@type":"SearchAction","target":{"@type":"EntryPoint","urlTemplate":"https:\/\/kansanmusiikki-instituutti.fi\/?s={search_term_string}"},"query-input":{"@type":"PropertyValueSpecification","valueRequired":true,"valueName":"search_term_string"}}],"inLanguage":"en-GB"},{"@type":"Person","@id":"https:\/\/kansanmusiikki-instituutti.fi\/#\/schema\/person\/13c4b703cbd0be911ea9207df0d750b0","name":"admin","image":{"@type":"ImageObject","inLanguage":"en-GB","@id":"https:\/\/kansanmusiikki-instituutti.fi\/#\/schema\/person\/image\/","url":"https:\/\/secure.gravatar.com\/avatar\/2bc07cb6b4886e8817b342f2d1a95f037d049f9a8e9770d7b28c1c6baa6129bf?s=96&d=mm&r=g","contentUrl":"https:\/\/secure.gravatar.com\/avatar\/2bc07cb6b4886e8817b342f2d1a95f037d049f9a8e9770d7b28c1c6baa6129bf?s=96&d=mm&r=g","caption":"admin"},"sameAs":["https:\/\/kansanmusiikki-instituutti.fi"],"url":"https:\/\/kansanmusiikki-instituutti.fi\/en\/author\/admin\/"}]}},"_links":{"self":[{"href":"https:\/\/kansanmusiikki-instituutti.fi\/en\/wp-json\/wp\/v2\/posts\/387","targetHints":{"allow":["GET"]}}],"collection":[{"href":"https:\/\/kansanmusiikki-instituutti.fi\/en\/wp-json\/wp\/v2\/posts"}],"about":[{"href":"https:\/\/kansanmusiikki-instituutti.fi\/en\/wp-json\/wp\/v2\/types\/post"}],"author":[{"embeddable":true,"href":"https:\/\/kansanmusiikki-instituutti.fi\/en\/wp-json\/wp\/v2\/users\/1"}],"replies":[{"embeddable":true,"href":"https:\/\/kansanmusiikki-instituutti.fi\/en\/wp-json\/wp\/v2\/comments?post=387"}],"version-history":[{"count":0,"href":"https:\/\/kansanmusiikki-instituutti.fi\/en\/wp-json\/wp\/v2\/posts\/387\/revisions"}],"wp:featuredmedia":[{"embeddable":true,"href":"https:\/\/kansanmusiikki-instituutti.fi\/en\/wp-json\/"}],"wp:attachment":[{"href":"https:\/\/kansanmusiikki-instituutti.fi\/en\/wp-json\/wp\/v2\/media?parent=387"}],"wp:term":[{"taxonomy":"category","embeddable":true,"href":"https:\/\/kansanmusiikki-instituutti.fi\/en\/wp-json\/wp\/v2\/categories?post=387"},{"taxonomy":"post_tag","embeddable":true,"href":"https:\/\/kansanmusiikki-instituutti.fi\/en\/wp-json\/wp\/v2\/tags?post=387"}],"curies":[{"name":"wp","href":"https:\/\/api.w.org\/{rel}","templated":true}]}}