{"id":421,"date":"2012-03-20T16:52:25","date_gmt":"2012-03-20T14:52:25","guid":{"rendered":"http:\/\/www.kansanmusiikki-instituutti.fi\/?p=421"},"modified":"2012-03-20T16:52:25","modified_gmt":"2012-03-20T14:52:25","slug":"kansanmusiikki-instituutti-rekrytoi","status":"publish","type":"post","link":"https:\/\/kansanmusiikki-instituutti.fi\/en\/2012\/03\/20\/kansanmusiikki-instituutti-rekrytoi\/","title":{"rendered":"Kansanmusiikki-instituutti rekrytoi"},"content":{"rendered":"<p>Kansanmusiikki-instituutti tarjoaa Kaustinen Folk Music Festivalin yhteydess\u00e4 ty\u00f6teht\u00e4vi\u00e4 esimerkiksi konserttitaltioinnin ja julkaisumyynnin parissa. Tervetuloa avustamaan instituuttia ja osallistumaan Kaustisen upeisiin kansanmusiikkijuhliin!<\/p>\n<p>Kansanmusiikki-instituutilla on juhlien aikaan seuraavat ty\u00f6pisteet:<\/p>\n<p>Soittosali (yl\u00e4koulun sali)<br \/>\n&#8211; esitysten \u00e4\u00e4nitys<br \/>\n&#8211; sis\u00e4llysluettelojen teko Instituutin arkistotietokantaan<br \/>\n&#8211; aamu- ja iltavuoro, ty\u00f6aika n. 5-6 h<br \/>\n&#8211; palkkaus 6\u20ac\/h<\/p>\n<p>Kaustinen-Sali (Kansantaiteenkeskus)<br \/>\n&#8211; konserttien videokuvaus ja \u00e4\u00e4nitys<br \/>\n&#8211; sis\u00e4llysluettelojen teko<br \/>\n&#8211; ty\u00f6ajat konserttien mukaan<br \/>\n&#8211; palkkaus 6\u20ac\/h<\/p>\n<p>Folk Shop (alakoulun sali)<br \/>\n&#8211; \u00e4\u00e4nilevyjen ja kirjojen myynti<br \/>\n&#8211; hyllyjen t\u00e4ydennys<br \/>\n&#8211; aamu- ja iltavuoro, ty\u00f6aika 6 h<br \/>\n&#8211; palkkaus 8\u20ac\/h<\/p>\n<p>Myym\u00e4l\u00e4 (Kansantaiteenkeskus)<br \/>\n&#8211; \u00e4\u00e4nilevyjen ja kirjojen myynti<br \/>\n&#8211; Kaustinen Folk Music Festival tekstiilien myynti<br \/>\n&#8211; matkamuistojen myynti<br \/>\n&#8211; hyllyjen t\u00e4ydennys ym. myym\u00e4l\u00e4n toimintaan liittyv\u00e4t ty\u00f6t<br \/>\n&#8211; aamu- ja iltavuoro, ty\u00f6aika n. 7 h<br \/>\n&#8211; palkkaus 8\u20ac\/h<\/p>\n<p>Konserttien \u00e4\u00e4nitysty\u00f6h\u00f6n ja sis\u00e4llysluetteloiden tekoon pidet\u00e4\u00e4n erillinen koulutus. Myyntity\u00f6n osalta aikaisempi kokemus luetaan eduksi. Ty\u00f6paikka j\u00e4rjest\u00e4\u00e4 tarvittaessa my\u00f6s majoituksen festivaalien ajaksi.<\/p>\n<p>Jos kiinnostuit ty\u00f6teht\u00e4vist\u00e4, t\u00e4yt\u00e4 rekrytointilomake alla olevan linkin kautta 31.5. menness\u00e4! Festivaaliaikaisena ty\u00f6ntekij\u00e4n\u00e4 saat toimihenkil\u00f6passin, jolla voit liikkua vapaasti festivaalialueella koko viikon ajan. Toimihenkil\u00f6kortilla p\u00e4\u00e4see ilmaiseksi my\u00f6s erilliskonsertteihin, mik\u00e4li niiss\u00e4 on tilaa.<\/p>\n<p><a href=\"http:\/\/www.kaustinen.net\/index.php?option=com_rsform&amp;formId=7\">T\u00e4yt\u00e4 rekrytointilomake t\u00e4\u00e4ll\u00e4!<\/a><br \/>\nOtamme yhteytt\u00e4 valittuihin ty\u00f6ntekij\u00f6ihin henkil\u00f6kohtaisesti!<\/p>\n<p>Lis\u00e4\u00e4 tietoja kes\u00e4ty\u00f6paikoista:<\/p>\n<p>Anne Virkkala-Harju<br \/>\nPuh. 040 159 4442<br \/>\nanne.virkkala-harju(a)kaustinen.fi<\/p>","protected":false},"excerpt":{"rendered":"<p>Kansanmusiikki-instituutti tarjoaa Kaustinen Folk Music Festivalin yhteydess\u00e4 ty\u00f6teht\u00e4vi\u00e4 esimerkiksi konserttitaltioinnin ja julkaisumyynnin parissa. Tervetuloa avustamaan instituuttia ja osallistumaan Kaustisen upeisiin kansanmusiikkijuhliin! Kansanmusiikki-instituutilla on juhlien aikaan seuraavat ty\u00f6pisteet: Soittosali (yl\u00e4koulun sali) &#8211; esitysten \u00e4\u00e4nitys &#8211; sis\u00e4llysluettelojen teko Instituutin arkistotietokantaan &#8211; aamu- ja iltavuoro, ty\u00f6aika n. 5-6 h &#8211; palkkaus 6\u20ac\/h Kaustinen-Sali (Kansantaiteenkeskus) &#8211; konserttien videokuvaus ja [&hellip;]<\/p>\n","protected":false},"author":1,"featured_media":0,"comment_status":"closed","ping_status":"closed","sticky":false,"template":"","format":"standard","meta":{"_et_pb_use_builder":"","_et_pb_old_content":"","_et_gb_content_width":"","footnotes":""},"categories":[3],"tags":[],"class_list":["post-421","post","type-post","status-publish","format-standard","hentry","category-yleinen"],"yoast_head":"<!-- This site is optimized with the Yoast SEO plugin v27.0 - https:\/\/yoast.com\/product\/yoast-seo-wordpress\/ -->\n<title>Kansanmusiikki-instituutti rekrytoi - Kansanmusiikki-instituutti<\/title>\n<meta name=\"robots\" content=\"index, follow, max-snippet:-1, max-image-preview:large, max-video-preview:-1\" \/>\n<link rel=\"canonical\" href=\"https:\/\/kansanmusiikki-instituutti.fi\/en\/2012\/03\/20\/kansanmusiikki-instituutti-rekrytoi\/\" \/>\n<meta property=\"og:locale\" content=\"en_GB\" \/>\n<meta property=\"og:type\" content=\"article\" \/>\n<meta property=\"og:title\" content=\"Kansanmusiikki-instituutti rekrytoi - Kansanmusiikki-instituutti\" \/>\n<meta property=\"og:description\" content=\"Kansanmusiikki-instituutti tarjoaa Kaustinen Folk Music Festivalin yhteydess\u00e4 ty\u00f6teht\u00e4vi\u00e4 esimerkiksi konserttitaltioinnin ja julkaisumyynnin parissa. Tervetuloa avustamaan instituuttia ja osallistumaan Kaustisen upeisiin kansanmusiikkijuhliin! Kansanmusiikki-instituutilla on juhlien aikaan seuraavat ty\u00f6pisteet: Soittosali (yl\u00e4koulun sali) &#8211; esitysten \u00e4\u00e4nitys &#8211; sis\u00e4llysluettelojen teko Instituutin arkistotietokantaan &#8211; aamu- ja iltavuoro, ty\u00f6aika n. 5-6 h &#8211; palkkaus 6\u20ac\/h Kaustinen-Sali (Kansantaiteenkeskus) &#8211; konserttien videokuvaus ja [&hellip;]\" \/>\n<meta property=\"og:url\" content=\"https:\/\/kansanmusiikki-instituutti.fi\/en\/2012\/03\/20\/kansanmusiikki-instituutti-rekrytoi\/\" \/>\n<meta property=\"og:site_name\" content=\"Kansanmusiikki-instituutti\" \/>\n<meta property=\"article:published_time\" content=\"2012-03-20T14:52:25+00:00\" \/>\n<meta name=\"author\" content=\"admin\" \/>\n<meta name=\"twitter:card\" content=\"summary_large_image\" \/>\n<meta name=\"twitter:label1\" content=\"Written by\" \/>\n\t<meta name=\"twitter:data1\" content=\"admin\" \/>\n\t<meta name=\"twitter:label2\" content=\"Estimated reading time\" \/>\n\t<meta name=\"twitter:data2\" content=\"1 minute\" \/>\n<script type=\"application\/ld+json\" class=\"yoast-schema-graph\">{\"@context\":\"https:\/\/schema.org\",\"@graph\":[{\"@type\":\"Article\",\"@id\":\"https:\/\/kansanmusiikki-instituutti.fi\/2012\/03\/20\/kansanmusiikki-instituutti-rekrytoi\/#article\",\"isPartOf\":{\"@id\":\"https:\/\/kansanmusiikki-instituutti.fi\/2012\/03\/20\/kansanmusiikki-instituutti-rekrytoi\/\"},\"author\":{\"name\":\"admin\",\"@id\":\"https:\/\/kansanmusiikki-instituutti.fi\/#\/schema\/person\/13c4b703cbd0be911ea9207df0d750b0\"},\"headline\":\"Kansanmusiikki-instituutti rekrytoi\",\"datePublished\":\"2012-03-20T14:52:25+00:00\",\"mainEntityOfPage\":{\"@id\":\"https:\/\/kansanmusiikki-instituutti.fi\/2012\/03\/20\/kansanmusiikki-instituutti-rekrytoi\/\"},\"wordCount\":237,\"articleSection\":[\"Yleinen\"],\"inLanguage\":\"en-GB\"},{\"@type\":\"WebPage\",\"@id\":\"https:\/\/kansanmusiikki-instituutti.fi\/2012\/03\/20\/kansanmusiikki-instituutti-rekrytoi\/\",\"url\":\"https:\/\/kansanmusiikki-instituutti.fi\/2012\/03\/20\/kansanmusiikki-instituutti-rekrytoi\/\",\"name\":\"Kansanmusiikki-instituutti rekrytoi - Kansanmusiikki-instituutti\",\"isPartOf\":{\"@id\":\"https:\/\/kansanmusiikki-instituutti.fi\/#website\"},\"datePublished\":\"2012-03-20T14:52:25+00:00\",\"author\":{\"@id\":\"https:\/\/kansanmusiikki-instituutti.fi\/#\/schema\/person\/13c4b703cbd0be911ea9207df0d750b0\"},\"breadcrumb\":{\"@id\":\"https:\/\/kansanmusiikki-instituutti.fi\/2012\/03\/20\/kansanmusiikki-instituutti-rekrytoi\/#breadcrumb\"},\"inLanguage\":\"en-GB\",\"potentialAction\":[{\"@type\":\"ReadAction\",\"target\":[\"https:\/\/kansanmusiikki-instituutti.fi\/2012\/03\/20\/kansanmusiikki-instituutti-rekrytoi\/\"]}]},{\"@type\":\"BreadcrumbList\",\"@id\":\"https:\/\/kansanmusiikki-instituutti.fi\/2012\/03\/20\/kansanmusiikki-instituutti-rekrytoi\/#breadcrumb\",\"itemListElement\":[{\"@type\":\"ListItem\",\"position\":1,\"name\":\"Home\",\"item\":\"https:\/\/kansanmusiikki-instituutti.fi\/\"},{\"@type\":\"ListItem\",\"position\":2,\"name\":\"Kansanmusiikki-instituutti rekrytoi\"}]},{\"@type\":\"WebSite\",\"@id\":\"https:\/\/kansanmusiikki-instituutti.fi\/#website\",\"url\":\"https:\/\/kansanmusiikki-instituutti.fi\/\",\"name\":\"Kansanmusiikki-instituutti\",\"description\":\"Finnish Folk Music Institute\",\"potentialAction\":[{\"@type\":\"SearchAction\",\"target\":{\"@type\":\"EntryPoint\",\"urlTemplate\":\"https:\/\/kansanmusiikki-instituutti.fi\/?s={search_term_string}\"},\"query-input\":{\"@type\":\"PropertyValueSpecification\",\"valueRequired\":true,\"valueName\":\"search_term_string\"}}],\"inLanguage\":\"en-GB\"},{\"@type\":\"Person\",\"@id\":\"https:\/\/kansanmusiikki-instituutti.fi\/#\/schema\/person\/13c4b703cbd0be911ea9207df0d750b0\",\"name\":\"admin\",\"image\":{\"@type\":\"ImageObject\",\"inLanguage\":\"en-GB\",\"@id\":\"https:\/\/kansanmusiikki-instituutti.fi\/#\/schema\/person\/image\/\",\"url\":\"https:\/\/secure.gravatar.com\/avatar\/2bc07cb6b4886e8817b342f2d1a95f037d049f9a8e9770d7b28c1c6baa6129bf?s=96&d=mm&r=g\",\"contentUrl\":\"https:\/\/secure.gravatar.com\/avatar\/2bc07cb6b4886e8817b342f2d1a95f037d049f9a8e9770d7b28c1c6baa6129bf?s=96&d=mm&r=g\",\"caption\":\"admin\"},\"sameAs\":[\"https:\/\/kansanmusiikki-instituutti.fi\"],\"url\":\"https:\/\/kansanmusiikki-instituutti.fi\/en\/author\/admin\/\"}]}<\/script>\n<!-- \/ Yoast SEO plugin. -->","yoast_head_json":{"title":"Kansanmusiikki-instituutti rekrytoi - Kansanmusiikki-instituutti","robots":{"index":"index","follow":"follow","max-snippet":"max-snippet:-1","max-image-preview":"max-image-preview:large","max-video-preview":"max-video-preview:-1"},"canonical":"https:\/\/kansanmusiikki-instituutti.fi\/en\/2012\/03\/20\/kansanmusiikki-instituutti-rekrytoi\/","og_locale":"en_GB","og_type":"article","og_title":"Kansanmusiikki-instituutti rekrytoi - Kansanmusiikki-instituutti","og_description":"Kansanmusiikki-instituutti tarjoaa Kaustinen Folk Music Festivalin yhteydess\u00e4 ty\u00f6teht\u00e4vi\u00e4 esimerkiksi konserttitaltioinnin ja julkaisumyynnin parissa. Tervetuloa avustamaan instituuttia ja osallistumaan Kaustisen upeisiin kansanmusiikkijuhliin! Kansanmusiikki-instituutilla on juhlien aikaan seuraavat ty\u00f6pisteet: Soittosali (yl\u00e4koulun sali) &#8211; esitysten \u00e4\u00e4nitys &#8211; sis\u00e4llysluettelojen teko Instituutin arkistotietokantaan &#8211; aamu- ja iltavuoro, ty\u00f6aika n. 5-6 h &#8211; palkkaus 6\u20ac\/h Kaustinen-Sali (Kansantaiteenkeskus) &#8211; konserttien videokuvaus ja [&hellip;]","og_url":"https:\/\/kansanmusiikki-instituutti.fi\/en\/2012\/03\/20\/kansanmusiikki-instituutti-rekrytoi\/","og_site_name":"Kansanmusiikki-instituutti","article_published_time":"2012-03-20T14:52:25+00:00","author":"admin","twitter_card":"summary_large_image","twitter_misc":{"Written by":"admin","Estimated reading time":"1 minute"},"schema":{"@context":"https:\/\/schema.org","@graph":[{"@type":"Article","@id":"https:\/\/kansanmusiikki-instituutti.fi\/2012\/03\/20\/kansanmusiikki-instituutti-rekrytoi\/#article","isPartOf":{"@id":"https:\/\/kansanmusiikki-instituutti.fi\/2012\/03\/20\/kansanmusiikki-instituutti-rekrytoi\/"},"author":{"name":"admin","@id":"https:\/\/kansanmusiikki-instituutti.fi\/#\/schema\/person\/13c4b703cbd0be911ea9207df0d750b0"},"headline":"Kansanmusiikki-instituutti rekrytoi","datePublished":"2012-03-20T14:52:25+00:00","mainEntityOfPage":{"@id":"https:\/\/kansanmusiikki-instituutti.fi\/2012\/03\/20\/kansanmusiikki-instituutti-rekrytoi\/"},"wordCount":237,"articleSection":["Yleinen"],"inLanguage":"en-GB"},{"@type":"WebPage","@id":"https:\/\/kansanmusiikki-instituutti.fi\/2012\/03\/20\/kansanmusiikki-instituutti-rekrytoi\/","url":"https:\/\/kansanmusiikki-instituutti.fi\/2012\/03\/20\/kansanmusiikki-instituutti-rekrytoi\/","name":"Kansanmusiikki-instituutti rekrytoi - Kansanmusiikki-instituutti","isPartOf":{"@id":"https:\/\/kansanmusiikki-instituutti.fi\/#website"},"datePublished":"2012-03-20T14:52:25+00:00","author":{"@id":"https:\/\/kansanmusiikki-instituutti.fi\/#\/schema\/person\/13c4b703cbd0be911ea9207df0d750b0"},"breadcrumb":{"@id":"https:\/\/kansanmusiikki-instituutti.fi\/2012\/03\/20\/kansanmusiikki-instituutti-rekrytoi\/#breadcrumb"},"inLanguage":"en-GB","potentialAction":[{"@type":"ReadAction","target":["https:\/\/kansanmusiikki-instituutti.fi\/2012\/03\/20\/kansanmusiikki-instituutti-rekrytoi\/"]}]},{"@type":"BreadcrumbList","@id":"https:\/\/kansanmusiikki-instituutti.fi\/2012\/03\/20\/kansanmusiikki-instituutti-rekrytoi\/#breadcrumb","itemListElement":[{"@type":"ListItem","position":1,"name":"Home","item":"https:\/\/kansanmusiikki-instituutti.fi\/"},{"@type":"ListItem","position":2,"name":"Kansanmusiikki-instituutti rekrytoi"}]},{"@type":"WebSite","@id":"https:\/\/kansanmusiikki-instituutti.fi\/#website","url":"https:\/\/kansanmusiikki-instituutti.fi\/","name":"The Finnish Folk Music Institute","description":"Finnish Folk Music Institute","potentialAction":[{"@type":"SearchAction","target":{"@type":"EntryPoint","urlTemplate":"https:\/\/kansanmusiikki-instituutti.fi\/?s={search_term_string}"},"query-input":{"@type":"PropertyValueSpecification","valueRequired":true,"valueName":"search_term_string"}}],"inLanguage":"en-GB"},{"@type":"Person","@id":"https:\/\/kansanmusiikki-instituutti.fi\/#\/schema\/person\/13c4b703cbd0be911ea9207df0d750b0","name":"admin","image":{"@type":"ImageObject","inLanguage":"en-GB","@id":"https:\/\/kansanmusiikki-instituutti.fi\/#\/schema\/person\/image\/","url":"https:\/\/secure.gravatar.com\/avatar\/2bc07cb6b4886e8817b342f2d1a95f037d049f9a8e9770d7b28c1c6baa6129bf?s=96&d=mm&r=g","contentUrl":"https:\/\/secure.gravatar.com\/avatar\/2bc07cb6b4886e8817b342f2d1a95f037d049f9a8e9770d7b28c1c6baa6129bf?s=96&d=mm&r=g","caption":"admin"},"sameAs":["https:\/\/kansanmusiikki-instituutti.fi"],"url":"https:\/\/kansanmusiikki-instituutti.fi\/en\/author\/admin\/"}]}},"_links":{"self":[{"href":"https:\/\/kansanmusiikki-instituutti.fi\/en\/wp-json\/wp\/v2\/posts\/421","targetHints":{"allow":["GET"]}}],"collection":[{"href":"https:\/\/kansanmusiikki-instituutti.fi\/en\/wp-json\/wp\/v2\/posts"}],"about":[{"href":"https:\/\/kansanmusiikki-instituutti.fi\/en\/wp-json\/wp\/v2\/types\/post"}],"author":[{"embeddable":true,"href":"https:\/\/kansanmusiikki-instituutti.fi\/en\/wp-json\/wp\/v2\/users\/1"}],"replies":[{"embeddable":true,"href":"https:\/\/kansanmusiikki-instituutti.fi\/en\/wp-json\/wp\/v2\/comments?post=421"}],"version-history":[{"count":0,"href":"https:\/\/kansanmusiikki-instituutti.fi\/en\/wp-json\/wp\/v2\/posts\/421\/revisions"}],"wp:attachment":[{"href":"https:\/\/kansanmusiikki-instituutti.fi\/en\/wp-json\/wp\/v2\/media?parent=421"}],"wp:term":[{"taxonomy":"category","embeddable":true,"href":"https:\/\/kansanmusiikki-instituutti.fi\/en\/wp-json\/wp\/v2\/categories?post=421"},{"taxonomy":"post_tag","embeddable":true,"href":"https:\/\/kansanmusiikki-instituutti.fi\/en\/wp-json\/wp\/v2\/tags?post=421"}],"curies":[{"name":"wp","href":"https:\/\/api.w.org\/{rel}","templated":true}]}}