{"id":635,"date":"2015-05-29T13:25:43","date_gmt":"2015-05-29T10:25:43","guid":{"rendered":"http:\/\/www.kansanmusiikki-instituutti.fi\/?p=635"},"modified":"2015-05-29T13:25:43","modified_gmt":"2015-05-29T10:25:43","slug":"konsta-jylha-kilpailun-semifinalistit-valittu-2","status":"publish","type":"post","link":"https:\/\/kansanmusiikki-instituutti.fi\/en\/2015\/05\/29\/konsta-jylha-kilpailun-semifinalistit-valittu-2\/","title":{"rendered":"Konsta Jylh\u00e4 -kilpailun semifinalistit valittu"},"content":{"rendered":"<p>Konsta Jylh\u00e4 -kilpailun semifinalistit on valittu 56:n esikarsintaan osallistuneen kilpailijan joukosta. T\u00e4n\u00e4 vuonna kipailun teemana on folk-laulu, jonka ajankohtaisuudesta kertovat suuri osanottajam\u00e4\u00e4r\u00e4 ja osallistujien korkea taso.<\/p>\n<p>Perinteisess\u00e4 sarjassa kilpailun semifinaaliin valittiin Jukka Hynninen Tampereelta, Leija Lautamaja Helsingist\u00e4, Tapio Miettinen Kokkolasta, Onni Rajaniemi Helsingist\u00e4, Tomas Takolander Helsingist\u00e4 ja Mirva Tarvainen Helsingist\u00e4. Vapaaseen sarjaan valituiksi tulivat Heta Kaisto Helsingist\u00e4, Kari Kuosmanen, Matti Laitinen Lahdesta, Rosa Latva Kokkolasta, Tiina Louneva Helsingist\u00e4, Tero Pajunen Helsingist\u00e4, Jutta Rahmel Helsingist\u00e4 ja Katri Somerjoki Helsingist\u00e4. Perinteisess\u00e4 sarjassa kilpaillaan soolona, vapaassa sarjassa joko soolona tai korkeintaan kahden s\u00e4est\u00e4j\u00e4n avustuksella.<\/p>\n<p>&#8211; Kilpailun alkukarsinta oli eritt\u00e4in korkeatasoinen ja monipuolinen. Lauluntekij\u00e4musiikki lienee nyt suositumpaa kuin koskaan ja sit\u00e4 tehd\u00e4\u00e4n ihailtavan monista l\u00e4ht\u00f6kohdista: 60-luvun hengest\u00e4 aina 2000-luvun modernisoituun tyyliin saakka, kertoo tuomariston puheenjohtaja Hannu Saha.<\/p>\n<p>Konsta Jylh\u00e4 -kilpailu k\u00e4yd\u00e4\u00e4n Pelimannitalolla 6.-7.7. Kaustinen Folk Music Festivalin yhteydess\u00e4: semifinaali maanantaina 6.7. klo 19.00-22.00 ja finaali tiistaina 7.7. klo 16.00-19.00. Kilpailun tuomaristoon kuuluvat puheenjohtaja Hannu Sahan lis\u00e4ksi Heikki Laitinen sek\u00e4 Laura Sippola. Kilpailun j\u00e4rjest\u00e4\u00e4 Pelimannitalo yhteisty\u00f6ss\u00e4 Kansanmusiikki-instituutin kanssa ja palkintoina jaetaan yhteens\u00e4 10 000 euroa.<\/p>","protected":false},"excerpt":{"rendered":"<p>Konsta Jylh\u00e4 -kilpailun semifinalistit on valittu 56:n esikarsintaan osallistuneen kilpailijan joukosta. T\u00e4n\u00e4 vuonna kipailun teemana on folk-laulu, jonka ajankohtaisuudesta kertovat suuri osanottajam\u00e4\u00e4r\u00e4 ja osallistujien korkea taso. Perinteisess\u00e4 sarjassa kilpailun semifinaaliin valittiin Jukka Hynninen Tampereelta, Leija Lautamaja Helsingist\u00e4, Tapio Miettinen Kokkolasta, Onni Rajaniemi Helsingist\u00e4, Tomas Takolander Helsingist\u00e4 ja Mirva Tarvainen Helsingist\u00e4. Vapaaseen sarjaan valituiksi tulivat Heta [&hellip;]<\/p>\n","protected":false},"author":2,"featured_media":462,"comment_status":"closed","ping_status":"closed","sticky":false,"template":"","format":"standard","meta":{"_et_pb_use_builder":"","_et_pb_old_content":"","_et_gb_content_width":"","footnotes":""},"categories":[3],"tags":[],"class_list":["post-635","post","type-post","status-publish","format-standard","has-post-thumbnail","hentry","category-yleinen"],"yoast_head":"<!-- This site is optimized with the Yoast SEO plugin v27.0 - https:\/\/yoast.com\/product\/yoast-seo-wordpress\/ -->\n<title>Konsta Jylh\u00e4 -kilpailun semifinalistit valittu - Kansanmusiikki-instituutti<\/title>\n<meta name=\"robots\" content=\"index, follow, max-snippet:-1, max-image-preview:large, max-video-preview:-1\" \/>\n<link rel=\"canonical\" href=\"https:\/\/kansanmusiikki-instituutti.fi\/en\/2015\/05\/29\/konsta-jylha-kilpailun-semifinalistit-valittu-2\/\" \/>\n<meta property=\"og:locale\" content=\"en_GB\" \/>\n<meta property=\"og:type\" content=\"article\" \/>\n<meta property=\"og:title\" content=\"Konsta Jylh\u00e4 -kilpailun semifinalistit valittu - Kansanmusiikki-instituutti\" \/>\n<meta property=\"og:description\" content=\"Konsta Jylh\u00e4 -kilpailun semifinalistit on valittu 56:n esikarsintaan osallistuneen kilpailijan joukosta. T\u00e4n\u00e4 vuonna kipailun teemana on folk-laulu, jonka ajankohtaisuudesta kertovat suuri osanottajam\u00e4\u00e4r\u00e4 ja osallistujien korkea taso. Perinteisess\u00e4 sarjassa kilpailun semifinaaliin valittiin Jukka Hynninen Tampereelta, Leija Lautamaja Helsingist\u00e4, Tapio Miettinen Kokkolasta, Onni Rajaniemi Helsingist\u00e4, Tomas Takolander Helsingist\u00e4 ja Mirva Tarvainen Helsingist\u00e4. Vapaaseen sarjaan valituiksi tulivat Heta [&hellip;]\" \/>\n<meta property=\"og:url\" content=\"https:\/\/kansanmusiikki-instituutti.fi\/en\/2015\/05\/29\/konsta-jylha-kilpailun-semifinalistit-valittu-2\/\" \/>\n<meta property=\"og:site_name\" content=\"Kansanmusiikki-instituutti\" \/>\n<meta property=\"article:published_time\" content=\"2015-05-29T10:25:43+00:00\" \/>\n<meta name=\"author\" content=\"Matti Hakam\u00e4ki\" \/>\n<meta name=\"twitter:card\" content=\"summary_large_image\" \/>\n<meta name=\"twitter:label1\" content=\"Written by\" \/>\n\t<meta name=\"twitter:data1\" content=\"Matti Hakam\u00e4ki\" \/>\n\t<meta name=\"twitter:label2\" content=\"Estimated reading time\" \/>\n\t<meta name=\"twitter:data2\" content=\"1 minute\" \/>\n<script type=\"application\/ld+json\" class=\"yoast-schema-graph\">{\"@context\":\"https:\/\/schema.org\",\"@graph\":[{\"@type\":\"Article\",\"@id\":\"https:\/\/kansanmusiikki-instituutti.fi\/2015\/05\/29\/konsta-jylha-kilpailun-semifinalistit-valittu-2\/#article\",\"isPartOf\":{\"@id\":\"https:\/\/kansanmusiikki-instituutti.fi\/2015\/05\/29\/konsta-jylha-kilpailun-semifinalistit-valittu-2\/\"},\"author\":{\"name\":\"Matti Hakam\u00e4ki\",\"@id\":\"https:\/\/kansanmusiikki-instituutti.fi\/#\/schema\/person\/c63f4a4fa9bde00b877c68e187a762af\"},\"headline\":\"Konsta Jylh\u00e4 -kilpailun semifinalistit valittu\",\"datePublished\":\"2015-05-29T10:25:43+00:00\",\"mainEntityOfPage\":{\"@id\":\"https:\/\/kansanmusiikki-instituutti.fi\/2015\/05\/29\/konsta-jylha-kilpailun-semifinalistit-valittu-2\/\"},\"wordCount\":186,\"image\":{\"@id\":\"https:\/\/kansanmusiikki-instituutti.fi\/2015\/05\/29\/konsta-jylha-kilpailun-semifinalistit-valittu-2\/#primaryimage\"},\"thumbnailUrl\":\"\",\"articleSection\":[\"Yleinen\"],\"inLanguage\":\"en-GB\"},{\"@type\":\"WebPage\",\"@id\":\"https:\/\/kansanmusiikki-instituutti.fi\/2015\/05\/29\/konsta-jylha-kilpailun-semifinalistit-valittu-2\/\",\"url\":\"https:\/\/kansanmusiikki-instituutti.fi\/2015\/05\/29\/konsta-jylha-kilpailun-semifinalistit-valittu-2\/\",\"name\":\"Konsta Jylh\u00e4 -kilpailun semifinalistit valittu - Kansanmusiikki-instituutti\",\"isPartOf\":{\"@id\":\"https:\/\/kansanmusiikki-instituutti.fi\/#website\"},\"primaryImageOfPage\":{\"@id\":\"https:\/\/kansanmusiikki-instituutti.fi\/2015\/05\/29\/konsta-jylha-kilpailun-semifinalistit-valittu-2\/#primaryimage\"},\"image\":{\"@id\":\"https:\/\/kansanmusiikki-instituutti.fi\/2015\/05\/29\/konsta-jylha-kilpailun-semifinalistit-valittu-2\/#primaryimage\"},\"thumbnailUrl\":\"\",\"datePublished\":\"2015-05-29T10:25:43+00:00\",\"author\":{\"@id\":\"https:\/\/kansanmusiikki-instituutti.fi\/#\/schema\/person\/c63f4a4fa9bde00b877c68e187a762af\"},\"breadcrumb\":{\"@id\":\"https:\/\/kansanmusiikki-instituutti.fi\/2015\/05\/29\/konsta-jylha-kilpailun-semifinalistit-valittu-2\/#breadcrumb\"},\"inLanguage\":\"en-GB\",\"potentialAction\":[{\"@type\":\"ReadAction\",\"target\":[\"https:\/\/kansanmusiikki-instituutti.fi\/2015\/05\/29\/konsta-jylha-kilpailun-semifinalistit-valittu-2\/\"]}]},{\"@type\":\"ImageObject\",\"inLanguage\":\"en-GB\",\"@id\":\"https:\/\/kansanmusiikki-instituutti.fi\/2015\/05\/29\/konsta-jylha-kilpailun-semifinalistit-valittu-2\/#primaryimage\",\"url\":\"\",\"contentUrl\":\"\"},{\"@type\":\"BreadcrumbList\",\"@id\":\"https:\/\/kansanmusiikki-instituutti.fi\/2015\/05\/29\/konsta-jylha-kilpailun-semifinalistit-valittu-2\/#breadcrumb\",\"itemListElement\":[{\"@type\":\"ListItem\",\"position\":1,\"name\":\"Home\",\"item\":\"https:\/\/kansanmusiikki-instituutti.fi\/\"},{\"@type\":\"ListItem\",\"position\":2,\"name\":\"Konsta Jylh\u00e4 -kilpailun semifinalistit valittu\"}]},{\"@type\":\"WebSite\",\"@id\":\"https:\/\/kansanmusiikki-instituutti.fi\/#website\",\"url\":\"https:\/\/kansanmusiikki-instituutti.fi\/\",\"name\":\"Kansanmusiikki-instituutti\",\"description\":\"Finnish Folk Music Institute\",\"potentialAction\":[{\"@type\":\"SearchAction\",\"target\":{\"@type\":\"EntryPoint\",\"urlTemplate\":\"https:\/\/kansanmusiikki-instituutti.fi\/?s={search_term_string}\"},\"query-input\":{\"@type\":\"PropertyValueSpecification\",\"valueRequired\":true,\"valueName\":\"search_term_string\"}}],\"inLanguage\":\"en-GB\"},{\"@type\":\"Person\",\"@id\":\"https:\/\/kansanmusiikki-instituutti.fi\/#\/schema\/person\/c63f4a4fa9bde00b877c68e187a762af\",\"name\":\"Matti Hakam\u00e4ki\",\"image\":{\"@type\":\"ImageObject\",\"inLanguage\":\"en-GB\",\"@id\":\"https:\/\/kansanmusiikki-instituutti.fi\/#\/schema\/person\/image\/\",\"url\":\"https:\/\/secure.gravatar.com\/avatar\/53f827438a5159807d289db1f936aa6b1b3be4628aa54f115d826feeaa4b532d?s=96&d=mm&r=g\",\"contentUrl\":\"https:\/\/secure.gravatar.com\/avatar\/53f827438a5159807d289db1f936aa6b1b3be4628aa54f115d826feeaa4b532d?s=96&d=mm&r=g\",\"caption\":\"Matti Hakam\u00e4ki\"},\"url\":\"https:\/\/kansanmusiikki-instituutti.fi\/en\/author\/matti\/\"}]}<\/script>\n<!-- \/ Yoast SEO plugin. -->","yoast_head_json":{"title":"Konsta Jylh\u00e4 -kilpailun semifinalistit valittu - Kansanmusiikki-instituutti","robots":{"index":"index","follow":"follow","max-snippet":"max-snippet:-1","max-image-preview":"max-image-preview:large","max-video-preview":"max-video-preview:-1"},"canonical":"https:\/\/kansanmusiikki-instituutti.fi\/en\/2015\/05\/29\/konsta-jylha-kilpailun-semifinalistit-valittu-2\/","og_locale":"en_GB","og_type":"article","og_title":"Konsta Jylh\u00e4 -kilpailun semifinalistit valittu - Kansanmusiikki-instituutti","og_description":"Konsta Jylh\u00e4 -kilpailun semifinalistit on valittu 56:n esikarsintaan osallistuneen kilpailijan joukosta. T\u00e4n\u00e4 vuonna kipailun teemana on folk-laulu, jonka ajankohtaisuudesta kertovat suuri osanottajam\u00e4\u00e4r\u00e4 ja osallistujien korkea taso. Perinteisess\u00e4 sarjassa kilpailun semifinaaliin valittiin Jukka Hynninen Tampereelta, Leija Lautamaja Helsingist\u00e4, Tapio Miettinen Kokkolasta, Onni Rajaniemi Helsingist\u00e4, Tomas Takolander Helsingist\u00e4 ja Mirva Tarvainen Helsingist\u00e4. Vapaaseen sarjaan valituiksi tulivat Heta [&hellip;]","og_url":"https:\/\/kansanmusiikki-instituutti.fi\/en\/2015\/05\/29\/konsta-jylha-kilpailun-semifinalistit-valittu-2\/","og_site_name":"Kansanmusiikki-instituutti","article_published_time":"2015-05-29T10:25:43+00:00","author":"Matti Hakam\u00e4ki","twitter_card":"summary_large_image","twitter_misc":{"Written by":"Matti Hakam\u00e4ki","Estimated reading time":"1 minute"},"schema":{"@context":"https:\/\/schema.org","@graph":[{"@type":"Article","@id":"https:\/\/kansanmusiikki-instituutti.fi\/2015\/05\/29\/konsta-jylha-kilpailun-semifinalistit-valittu-2\/#article","isPartOf":{"@id":"https:\/\/kansanmusiikki-instituutti.fi\/2015\/05\/29\/konsta-jylha-kilpailun-semifinalistit-valittu-2\/"},"author":{"name":"Matti Hakam\u00e4ki","@id":"https:\/\/kansanmusiikki-instituutti.fi\/#\/schema\/person\/c63f4a4fa9bde00b877c68e187a762af"},"headline":"Konsta Jylh\u00e4 -kilpailun semifinalistit valittu","datePublished":"2015-05-29T10:25:43+00:00","mainEntityOfPage":{"@id":"https:\/\/kansanmusiikki-instituutti.fi\/2015\/05\/29\/konsta-jylha-kilpailun-semifinalistit-valittu-2\/"},"wordCount":186,"image":{"@id":"https:\/\/kansanmusiikki-instituutti.fi\/2015\/05\/29\/konsta-jylha-kilpailun-semifinalistit-valittu-2\/#primaryimage"},"thumbnailUrl":"","articleSection":["Yleinen"],"inLanguage":"en-GB"},{"@type":"WebPage","@id":"https:\/\/kansanmusiikki-instituutti.fi\/2015\/05\/29\/konsta-jylha-kilpailun-semifinalistit-valittu-2\/","url":"https:\/\/kansanmusiikki-instituutti.fi\/2015\/05\/29\/konsta-jylha-kilpailun-semifinalistit-valittu-2\/","name":"Konsta Jylh\u00e4 -kilpailun semifinalistit valittu - Kansanmusiikki-instituutti","isPartOf":{"@id":"https:\/\/kansanmusiikki-instituutti.fi\/#website"},"primaryImageOfPage":{"@id":"https:\/\/kansanmusiikki-instituutti.fi\/2015\/05\/29\/konsta-jylha-kilpailun-semifinalistit-valittu-2\/#primaryimage"},"image":{"@id":"https:\/\/kansanmusiikki-instituutti.fi\/2015\/05\/29\/konsta-jylha-kilpailun-semifinalistit-valittu-2\/#primaryimage"},"thumbnailUrl":"","datePublished":"2015-05-29T10:25:43+00:00","author":{"@id":"https:\/\/kansanmusiikki-instituutti.fi\/#\/schema\/person\/c63f4a4fa9bde00b877c68e187a762af"},"breadcrumb":{"@id":"https:\/\/kansanmusiikki-instituutti.fi\/2015\/05\/29\/konsta-jylha-kilpailun-semifinalistit-valittu-2\/#breadcrumb"},"inLanguage":"en-GB","potentialAction":[{"@type":"ReadAction","target":["https:\/\/kansanmusiikki-instituutti.fi\/2015\/05\/29\/konsta-jylha-kilpailun-semifinalistit-valittu-2\/"]}]},{"@type":"ImageObject","inLanguage":"en-GB","@id":"https:\/\/kansanmusiikki-instituutti.fi\/2015\/05\/29\/konsta-jylha-kilpailun-semifinalistit-valittu-2\/#primaryimage","url":"","contentUrl":""},{"@type":"BreadcrumbList","@id":"https:\/\/kansanmusiikki-instituutti.fi\/2015\/05\/29\/konsta-jylha-kilpailun-semifinalistit-valittu-2\/#breadcrumb","itemListElement":[{"@type":"ListItem","position":1,"name":"Home","item":"https:\/\/kansanmusiikki-instituutti.fi\/"},{"@type":"ListItem","position":2,"name":"Konsta Jylh\u00e4 -kilpailun semifinalistit valittu"}]},{"@type":"WebSite","@id":"https:\/\/kansanmusiikki-instituutti.fi\/#website","url":"https:\/\/kansanmusiikki-instituutti.fi\/","name":"The Finnish Folk Music Institute","description":"Finnish Folk Music Institute","potentialAction":[{"@type":"SearchAction","target":{"@type":"EntryPoint","urlTemplate":"https:\/\/kansanmusiikki-instituutti.fi\/?s={search_term_string}"},"query-input":{"@type":"PropertyValueSpecification","valueRequired":true,"valueName":"search_term_string"}}],"inLanguage":"en-GB"},{"@type":"Person","@id":"https:\/\/kansanmusiikki-instituutti.fi\/#\/schema\/person\/c63f4a4fa9bde00b877c68e187a762af","name":"Matti Hakam\u00e4ki","image":{"@type":"ImageObject","inLanguage":"en-GB","@id":"https:\/\/kansanmusiikki-instituutti.fi\/#\/schema\/person\/image\/","url":"https:\/\/secure.gravatar.com\/avatar\/53f827438a5159807d289db1f936aa6b1b3be4628aa54f115d826feeaa4b532d?s=96&d=mm&r=g","contentUrl":"https:\/\/secure.gravatar.com\/avatar\/53f827438a5159807d289db1f936aa6b1b3be4628aa54f115d826feeaa4b532d?s=96&d=mm&r=g","caption":"Matti Hakam\u00e4ki"},"url":"https:\/\/kansanmusiikki-instituutti.fi\/en\/author\/matti\/"}]}},"_links":{"self":[{"href":"https:\/\/kansanmusiikki-instituutti.fi\/en\/wp-json\/wp\/v2\/posts\/635","targetHints":{"allow":["GET"]}}],"collection":[{"href":"https:\/\/kansanmusiikki-instituutti.fi\/en\/wp-json\/wp\/v2\/posts"}],"about":[{"href":"https:\/\/kansanmusiikki-instituutti.fi\/en\/wp-json\/wp\/v2\/types\/post"}],"author":[{"embeddable":true,"href":"https:\/\/kansanmusiikki-instituutti.fi\/en\/wp-json\/wp\/v2\/users\/2"}],"replies":[{"embeddable":true,"href":"https:\/\/kansanmusiikki-instituutti.fi\/en\/wp-json\/wp\/v2\/comments?post=635"}],"version-history":[{"count":0,"href":"https:\/\/kansanmusiikki-instituutti.fi\/en\/wp-json\/wp\/v2\/posts\/635\/revisions"}],"wp:featuredmedia":[{"embeddable":true,"href":"https:\/\/kansanmusiikki-instituutti.fi\/en\/wp-json\/"}],"wp:attachment":[{"href":"https:\/\/kansanmusiikki-instituutti.fi\/en\/wp-json\/wp\/v2\/media?parent=635"}],"wp:term":[{"taxonomy":"category","embeddable":true,"href":"https:\/\/kansanmusiikki-instituutti.fi\/en\/wp-json\/wp\/v2\/categories?post=635"},{"taxonomy":"post_tag","embeddable":true,"href":"https:\/\/kansanmusiikki-instituutti.fi\/en\/wp-json\/wp\/v2\/tags?post=635"}],"curies":[{"name":"wp","href":"https:\/\/api.w.org\/{rel}","templated":true}]}}